{"id":15262,"date":"2020-01-09T08:42:17","date_gmt":"2020-01-09T08:42:17","guid":{"rendered":"http:\/\/blogdorogeriogomes.com.br\/?p=15262"},"modified":"2020-01-09T19:25:20","modified_gmt":"2020-01-09T19:25:20","slug":"lula-dispara-contra-a-politica-de-geracao-de-empregos-do-ministro-paulo-guedes","status":"publish","type":"post","link":"https:\/\/blogdorogeriogomes.com.br\/noticias\/2020\/01\/lula-dispara-contra-a-politica-de-geracao-de-empregos-do-ministro-paulo-guedes\/","title":{"rendered":"Lula dispara contra a pol\u00edtica de gera\u00e7\u00e3o de empregos do ministro Paulo Guedes"},"content":{"rendered":"\n<p>O ex-presidente Lula deu uma entrevista ao site Di\u00e1rio do Centro do Mundo, onde criticou a pol\u00edtica de gera\u00e7\u00e3o de empregos defendida pelo ministro da Economia, Paulo Guedes. Lula disse que a sociedade est\u00e1 sendo obrigada a aceitar piores condi\u00e7\u00f5es de trabalho diante da falta de melhores oportunidades.<br>\n&#8220;Eu tive com uma pessoa que trabalha no Uber, ele paga R$ 1.660 no carro e tira mil e pouco por m\u00eas. Isso \u00e9 chamado de empreendedorismo. A palavra \u00e9 bonita, empreendedorismo. Palavra chique, bonita. Essa \u00e9 finesse do capitalismo. Sou empreendedor. Conseguiram criar na cabe\u00e7a da sociedade que mesmo empobrecendo, est\u00e1 progredindo&#8221;, afirmou o ex-presidente.<br>\n&#8220;O Brasil est\u00e1 numa situa\u00e7\u00e3o em que renda est\u00e1 caindo, os empregos que surgem s\u00e3o totalmente precarizados\u2026 E vendo a sociedade sendo obrigada a achar que \u00e9 maravilhoso entregar pizza de bicicleta, entregar pizza de Uber\u2026 E n\u00e3o percebem que estamos desempregando muita gente&#8221;, completou Lula.<\/p>\n\n\n\n<figure class=\"wp-block-gallery columns-1 is-cropped wp-block-gallery-1 is-layout-flex wp-block-gallery-is-layout-flex\"><ul class=\"blocks-gallery-grid\"><li class=\"blocks-gallery-item\"><figure><img loading=\"lazy\" decoding=\"async\" width=\"497\" height=\"400\" src=\"http:\/\/blogdorogeriogomes.com.br\/wp-content\/uploads\/2020\/01\/IMG_20200109_053924_487.jpg\" alt=\"\" data-id=\"15263\" data-full-url=\"http:\/\/blogdorogeriogomes.com.br\/wp-content\/uploads\/2020\/01\/IMG_20200109_053924_487.jpg\" data-link=\"http:\/\/blogdorogeriogomes.com.br\/?attachment_id=15263\" class=\"wp-image-15263\" srcset=\"https:\/\/blogdorogeriogomes.com.br\/noticias\/wp-content\/uploads\/2020\/01\/IMG_20200109_053924_487.jpg 497w, https:\/\/blogdorogeriogomes.com.br\/noticias\/wp-content\/uploads\/2020\/01\/IMG_20200109_053924_487-300x241.jpg 300w\" sizes=\"auto, (max-width: 497px) 100vw, 497px\" \/><\/figure><\/li><\/ul><\/figure>\n","protected":false},"excerpt":{"rendered":"<p>O ex-presidente Lula deu uma entrevista ao site Di\u00e1rio do Centro do Mundo, onde criticou a pol\u00edtica de gera\u00e7\u00e3o de empregos defendida pelo ministro da Economia, Paulo Guedes. Lula disse que a sociedade est\u00e1 sendo obrigada a aceitar piores condi\u00e7\u00f5es de trabalho diante da falta de melhores oportunidades. &#8220;Eu tive com uma pessoa que trabalha no Uber, ele paga R$ 1.660 no carro e tira mil e pouco por m\u00eas. Isso \u00e9 chamado de empreendedorismo. A palavra \u00e9 bonita,&hellip;<\/p>\n","protected":false},"author":1,"featured_media":15263,"comment_status":"open","ping_status":"open","sticky":false,"template":"","format":"standard","meta":{"footnotes":""},"categories":[1],"tags":[],"class_list":["post-15262","post","type-post","status-publish","format-standard","has-post-thumbnail","hentry","category-noticias"],"_links":{"self":[{"href":"https:\/\/blogdorogeriogomes.com.br\/noticias\/wp-json\/wp\/v2\/posts\/15262","targetHints":{"allow":["GET"]}}],"collection":[{"href":"https:\/\/blogdorogeriogomes.com.br\/noticias\/wp-json\/wp\/v2\/posts"}],"about":[{"href":"https:\/\/blogdorogeriogomes.com.br\/noticias\/wp-json\/wp\/v2\/types\/post"}],"author":[{"embeddable":true,"href":"https:\/\/blogdorogeriogomes.com.br\/noticias\/wp-json\/wp\/v2\/users\/1"}],"replies":[{"embeddable":true,"href":"https:\/\/blogdorogeriogomes.com.br\/noticias\/wp-json\/wp\/v2\/comments?post=15262"}],"version-history":[{"count":1,"href":"https:\/\/blogdorogeriogomes.com.br\/noticias\/wp-json\/wp\/v2\/posts\/15262\/revisions"}],"predecessor-version":[{"id":15264,"href":"https:\/\/blogdorogeriogomes.com.br\/noticias\/wp-json\/wp\/v2\/posts\/15262\/revisions\/15264"}],"wp:featuredmedia":[{"embeddable":true,"href":"https:\/\/blogdorogeriogomes.com.br\/noticias\/wp-json\/wp\/v2\/media\/15263"}],"wp:attachment":[{"href":"https:\/\/blogdorogeriogomes.com.br\/noticias\/wp-json\/wp\/v2\/media?parent=15262"}],"wp:term":[{"taxonomy":"category","embeddable":true,"href":"https:\/\/blogdorogeriogomes.com.br\/noticias\/wp-json\/wp\/v2\/categories?post=15262"},{"taxonomy":"post_tag","embeddable":true,"href":"https:\/\/blogdorogeriogomes.com.br\/noticias\/wp-json\/wp\/v2\/tags?post=15262"}],"curies":[{"name":"wp","href":"https:\/\/api.w.org\/{rel}","templated":true}]}}