{"id":15265,"date":"2020-01-09T20:57:55","date_gmt":"2020-01-09T20:57:55","guid":{"rendered":"http:\/\/blogdorogeriogomes.com.br\/?p=15265"},"modified":"2020-01-10T12:00:26","modified_gmt":"2020-01-10T12:00:26","slug":"atual-prefeito-de-granjeiro-e-o-pai-dele-passam-a-ser-suspeitos-do-crime-contra-o-ex-gestor-do-municipio","status":"publish","type":"post","link":"https:\/\/blogdorogeriogomes.com.br\/noticias\/2020\/01\/atual-prefeito-de-granjeiro-e-o-pai-dele-passam-a-ser-suspeitos-do-crime-contra-o-ex-gestor-do-municipio\/","title":{"rendered":"Atual prefeito de Granjeiro e o pai dele passam a ser suspeitos do crime contra o ex-gestor do munic\u00edpio"},"content":{"rendered":"\n<p>A Secretaria de Seguran\u00e7a P\u00fablica e Defesa Social do Cear\u00e1 avan\u00e7ou nas investiga\u00e7\u00f5es do assassinato do prefeito de Granjeiro, Jo\u00e3o Greg\u00f3rio Neto, o &#8220;Jo\u00e3o do Povo&#8221;, ocorrido no dia 24 de dezembro do ano passado. O atual prefeito de Granjeiro, Ticiano Tom\u00e9, que era vice e assumiu ap\u00f3s a morte da v\u00edtima, e o pai dele, Vicente F\u00e9lix de Souza, s\u00e3o os suspeitos de envolvimento no caso.<br>\nNesta quinta-feira, dia 9 de janeiro, a Pol\u00edcia Civil revelou que chegou a pedir a pris\u00e3o de Ticiano e Vicente. No entanto, a Justi\u00e7a negou o pedido. Segundo a SSPDS, o assassinato pode ter sido motivado por desaven\u00e7a pol\u00edtica entre a v\u00edtima e outros pol\u00edticos. Foi determinado, entretanto, que Vicente F\u00e9lix utilize tornozeleira eletr\u00f4nica.<br>\nAp\u00f3s o cumprimento de mandados de busca e apreens\u00e3o em Granjeiro, a Pol\u00edcia diz ter apreendido um veiculo S10, de propriedade de um parente de Vicente F\u00e9lix que supostamente foi usado para dar apoio ao crime. O carro estava na casa onde mora o atual prefeito Ticiano Tom\u00e9 e o pai dele Vicente F\u00e9lix.<\/p>\n\n\n\n<figure class=\"wp-block-gallery columns-1 is-cropped wp-block-gallery-1 is-layout-flex wp-block-gallery-is-layout-flex\"><ul class=\"blocks-gallery-grid\"><li class=\"blocks-gallery-item\"><figure><img loading=\"lazy\" decoding=\"async\" width=\"457\" height=\"457\" src=\"http:\/\/blogdorogeriogomes.com.br\/wp-content\/uploads\/2020\/01\/IMG_20200109_175205_208.jpg\" alt=\"\" data-id=\"15266\" data-full-url=\"http:\/\/blogdorogeriogomes.com.br\/wp-content\/uploads\/2020\/01\/IMG_20200109_175205_208.jpg\" data-link=\"http:\/\/blogdorogeriogomes.com.br\/?attachment_id=15266\" class=\"wp-image-15266\" srcset=\"https:\/\/blogdorogeriogomes.com.br\/noticias\/wp-content\/uploads\/2020\/01\/IMG_20200109_175205_208.jpg 457w, https:\/\/blogdorogeriogomes.com.br\/noticias\/wp-content\/uploads\/2020\/01\/IMG_20200109_175205_208-300x300.jpg 300w, https:\/\/blogdorogeriogomes.com.br\/noticias\/wp-content\/uploads\/2020\/01\/IMG_20200109_175205_208-150x150.jpg 150w, https:\/\/blogdorogeriogomes.com.br\/noticias\/wp-content\/uploads\/2020\/01\/IMG_20200109_175205_208-250x250.jpg 250w\" sizes=\"auto, (max-width: 457px) 100vw, 457px\" \/><\/figure><\/li><\/ul><\/figure>\n","protected":false},"excerpt":{"rendered":"<p>A Secretaria de Seguran\u00e7a P\u00fablica e Defesa Social do Cear\u00e1 avan\u00e7ou nas investiga\u00e7\u00f5es do assassinato do prefeito de Granjeiro, Jo\u00e3o Greg\u00f3rio Neto, o &#8220;Jo\u00e3o do Povo&#8221;, ocorrido no dia 24 de dezembro do ano passado. O atual prefeito de Granjeiro, Ticiano Tom\u00e9, que era vice e assumiu ap\u00f3s a morte da v\u00edtima, e o pai dele, Vicente F\u00e9lix de Souza, s\u00e3o os suspeitos de envolvimento no caso. Nesta quinta-feira, dia 9 de janeiro, a Pol\u00edcia Civil revelou que chegou&hellip;<\/p>\n","protected":false},"author":1,"featured_media":15266,"comment_status":"open","ping_status":"open","sticky":false,"template":"","format":"standard","meta":{"footnotes":""},"categories":[1],"tags":[],"class_list":["post-15265","post","type-post","status-publish","format-standard","has-post-thumbnail","hentry","category-noticias"],"_links":{"self":[{"href":"https:\/\/blogdorogeriogomes.com.br\/noticias\/wp-json\/wp\/v2\/posts\/15265","targetHints":{"allow":["GET"]}}],"collection":[{"href":"https:\/\/blogdorogeriogomes.com.br\/noticias\/wp-json\/wp\/v2\/posts"}],"about":[{"href":"https:\/\/blogdorogeriogomes.com.br\/noticias\/wp-json\/wp\/v2\/types\/post"}],"author":[{"embeddable":true,"href":"https:\/\/blogdorogeriogomes.com.br\/noticias\/wp-json\/wp\/v2\/users\/1"}],"replies":[{"embeddable":true,"href":"https:\/\/blogdorogeriogomes.com.br\/noticias\/wp-json\/wp\/v2\/comments?post=15265"}],"version-history":[{"count":1,"href":"https:\/\/blogdorogeriogomes.com.br\/noticias\/wp-json\/wp\/v2\/posts\/15265\/revisions"}],"predecessor-version":[{"id":15267,"href":"https:\/\/blogdorogeriogomes.com.br\/noticias\/wp-json\/wp\/v2\/posts\/15265\/revisions\/15267"}],"wp:featuredmedia":[{"embeddable":true,"href":"https:\/\/blogdorogeriogomes.com.br\/noticias\/wp-json\/wp\/v2\/media\/15266"}],"wp:attachment":[{"href":"https:\/\/blogdorogeriogomes.com.br\/noticias\/wp-json\/wp\/v2\/media?parent=15265"}],"wp:term":[{"taxonomy":"category","embeddable":true,"href":"https:\/\/blogdorogeriogomes.com.br\/noticias\/wp-json\/wp\/v2\/categories?post=15265"},{"taxonomy":"post_tag","embeddable":true,"href":"https:\/\/blogdorogeriogomes.com.br\/noticias\/wp-json\/wp\/v2\/tags?post=15265"}],"curies":[{"name":"wp","href":"https:\/\/api.w.org\/{rel}","templated":true}]}}