{"id":15268,"date":"2020-01-09T21:16:36","date_gmt":"2020-01-09T21:16:36","guid":{"rendered":"http:\/\/blogdorogeriogomes.com.br\/?p=15268"},"modified":"2020-01-10T12:00:17","modified_gmt":"2020-01-10T12:00:17","slug":"avenida-desembargador-moreira-vai-passar-por-requalificacao-viaria-a-ser-executada-pela-prefeitura-de-fortaleza","status":"publish","type":"post","link":"https:\/\/blogdorogeriogomes.com.br\/noticias\/2020\/01\/avenida-desembargador-moreira-vai-passar-por-requalificacao-viaria-a-ser-executada-pela-prefeitura-de-fortaleza\/","title":{"rendered":"Avenida Desembargador Moreira vai passar por requalifica\u00e7\u00e3o vi\u00e1ria a ser executada pela Prefeitura de Fortaleza"},"content":{"rendered":"\n<p>A Avenida Desembargador Moreira, no bairro Meireles, em Fortaleza, vai passar por requalifica\u00e7\u00e3o vi\u00e1ria a ser executada pela Prefeitura. O projeto vai possibilitar mudan\u00e7a paisag\u00edstica e no tr\u00e2nsito, interligando dois importantes corredores comerciais: os das avenidas Dom Lu\u00eds e da Aboli\u00e7\u00e3o. <br>\nA nova Desembargador Moreira receber\u00e1 servi\u00e7os de urbaniza\u00e7\u00e3o, pavimenta\u00e7\u00e3o asf\u00e1ltica, cal\u00e7adas com piso intertravado, rampas de acessibilidade,  sinaliza\u00e7\u00e3o, reforma do canteiro central, pavimento em concreto nos pontos de \u00f4nibus, ilumina\u00e7\u00e3o e paisagismo.<br>\nSer\u00e3o realizadas ainda interven\u00e7\u00f5es de drenagem, implementa\u00e7\u00e3o de fia\u00e7\u00e3o el\u00e9trica subterr\u00e2nea, novo cal\u00e7ad\u00e3o e 130 novas esta\u00e7\u00f5es do Bicicletar. <br>\nConsiderada via de conex\u00e3o da regi\u00e3o hoteleira ao aeroporto, a Avenida Desembargador Moreira \u00e9 tida como a principal porta de entrada da Cidade para os turistas que desejam conhecer ou se hospedar pr\u00f3ximo \u00e0s praias de Iracema e Meireles.<\/p>\n\n\n\n<figure class=\"wp-block-gallery columns-1 is-cropped wp-block-gallery-1 is-layout-flex wp-block-gallery-is-layout-flex\"><ul class=\"blocks-gallery-grid\"><li class=\"blocks-gallery-item\"><figure><img loading=\"lazy\" decoding=\"async\" width=\"676\" height=\"453\" src=\"http:\/\/blogdorogeriogomes.com.br\/wp-content\/uploads\/2020\/01\/IMG_20200109_181033_357.jpg\" alt=\"\" data-id=\"15269\" data-full-url=\"http:\/\/blogdorogeriogomes.com.br\/wp-content\/uploads\/2020\/01\/IMG_20200109_181033_357.jpg\" data-link=\"http:\/\/blogdorogeriogomes.com.br\/?attachment_id=15269\" class=\"wp-image-15269\" srcset=\"https:\/\/blogdorogeriogomes.com.br\/noticias\/wp-content\/uploads\/2020\/01\/IMG_20200109_181033_357.jpg 676w, https:\/\/blogdorogeriogomes.com.br\/noticias\/wp-content\/uploads\/2020\/01\/IMG_20200109_181033_357-300x201.jpg 300w\" sizes=\"auto, (max-width: 676px) 100vw, 676px\" \/><\/figure><\/li><\/ul><\/figure>\n","protected":false},"excerpt":{"rendered":"<p>A Avenida Desembargador Moreira, no bairro Meireles, em Fortaleza, vai passar por requalifica\u00e7\u00e3o vi\u00e1ria a ser executada pela Prefeitura. O projeto vai possibilitar mudan\u00e7a paisag\u00edstica e no tr\u00e2nsito, interligando dois importantes corredores comerciais: os das avenidas Dom Lu\u00eds e da Aboli\u00e7\u00e3o. A nova Desembargador Moreira receber\u00e1 servi\u00e7os de urbaniza\u00e7\u00e3o, pavimenta\u00e7\u00e3o asf\u00e1ltica, cal\u00e7adas com piso intertravado, rampas de acessibilidade, sinaliza\u00e7\u00e3o, reforma do canteiro central, pavimento em concreto nos pontos de \u00f4nibus, ilumina\u00e7\u00e3o e paisagismo. Ser\u00e3o realizadas ainda interven\u00e7\u00f5es de drenagem,&hellip;<\/p>\n","protected":false},"author":1,"featured_media":15269,"comment_status":"open","ping_status":"open","sticky":false,"template":"","format":"standard","meta":{"footnotes":""},"categories":[1],"tags":[],"class_list":["post-15268","post","type-post","status-publish","format-standard","has-post-thumbnail","hentry","category-noticias"],"_links":{"self":[{"href":"https:\/\/blogdorogeriogomes.com.br\/noticias\/wp-json\/wp\/v2\/posts\/15268","targetHints":{"allow":["GET"]}}],"collection":[{"href":"https:\/\/blogdorogeriogomes.com.br\/noticias\/wp-json\/wp\/v2\/posts"}],"about":[{"href":"https:\/\/blogdorogeriogomes.com.br\/noticias\/wp-json\/wp\/v2\/types\/post"}],"author":[{"embeddable":true,"href":"https:\/\/blogdorogeriogomes.com.br\/noticias\/wp-json\/wp\/v2\/users\/1"}],"replies":[{"embeddable":true,"href":"https:\/\/blogdorogeriogomes.com.br\/noticias\/wp-json\/wp\/v2\/comments?post=15268"}],"version-history":[{"count":1,"href":"https:\/\/blogdorogeriogomes.com.br\/noticias\/wp-json\/wp\/v2\/posts\/15268\/revisions"}],"predecessor-version":[{"id":15270,"href":"https:\/\/blogdorogeriogomes.com.br\/noticias\/wp-json\/wp\/v2\/posts\/15268\/revisions\/15270"}],"wp:featuredmedia":[{"embeddable":true,"href":"https:\/\/blogdorogeriogomes.com.br\/noticias\/wp-json\/wp\/v2\/media\/15269"}],"wp:attachment":[{"href":"https:\/\/blogdorogeriogomes.com.br\/noticias\/wp-json\/wp\/v2\/media?parent=15268"}],"wp:term":[{"taxonomy":"category","embeddable":true,"href":"https:\/\/blogdorogeriogomes.com.br\/noticias\/wp-json\/wp\/v2\/categories?post=15268"},{"taxonomy":"post_tag","embeddable":true,"href":"https:\/\/blogdorogeriogomes.com.br\/noticias\/wp-json\/wp\/v2\/tags?post=15268"}],"curies":[{"name":"wp","href":"https:\/\/api.w.org\/{rel}","templated":true}]}}