{"id":15278,"date":"2020-01-11T08:06:46","date_gmt":"2020-01-11T08:06:46","guid":{"rendered":"http:\/\/blogdorogeriogomes.com.br\/?p=15278"},"modified":"2020-01-13T14:07:49","modified_gmt":"2020-01-13T14:07:49","slug":"assembleia-legislativa-abre-vagas-para-profissionais-que-vao-atuar-em-projeto-de-criancas-autistas","status":"publish","type":"post","link":"https:\/\/blogdorogeriogomes.com.br\/noticias\/2020\/01\/assembleia-legislativa-abre-vagas-para-profissionais-que-vao-atuar-em-projeto-de-criancas-autistas\/","title":{"rendered":"Assembleia Legislativa abre vagas para profissionais que v\u00e3o atuar em projeto de crian\u00e7as autistas"},"content":{"rendered":"\n<p>A Assembleia Legislativa do Cear\u00e1 vai realizar sele\u00e7\u00e3o p\u00fablica para a contrata\u00e7\u00e3o de profissionais especializados que v\u00e3o atuar em projeto de tratamento de crian\u00e7as autistas. S\u00e3o profissionais de 12 \u00e1reas com 36 vagas. Os sal\u00e1rios variam de R$ 2,4 mil a R$ 4,2 mil. Os selecionados, que v\u00e3o exercer fun\u00e7\u00f5es de natureza comissionada, ir\u00e3o compor a equipe multidisciplinar do projeto Mundo Azul, que ser\u00e1 implantado pelo Legislativo estadual no primeiro semestre de 2020.<br>\nAs oportunidades s\u00e3o para assistente social (2), educador f\u00edsico (2), enfermeiro (1), fisioterapeuta (2), fonoaudi\u00f3logo (6), m\u00e9dico neuropediatra (1), m\u00e9dico pediatra com especialidade em homeopatia (1), m\u00e9dico psiquiatra infantil (1), musicoterapeuta (2), psic\u00f3logo (8), psicopedagogo (4) e terapeuta ocupacional (6).<br>\nAs inscri\u00e7\u00f5es s\u00e3o gratuitas e acontecem de 13 a 17 de janeiro de 2020, no 5\u00ba andar do Edif\u00edcio Deputado Jos\u00e9 Euclides Ferreira Gomes, anexo II da Assembleia Legislativa, nos hor\u00e1rios das 9h \u00e0s 12h.<br>\n \u201cAs dificuldades enfrentadas por crian\u00e7as autistas e suas fam\u00edlias sempre foram um assunto importante e s\u00e9rio pra mim. Os relatos sobre o tabu e as v\u00e1rias barreiras para garantir o tratamento muito me sensibilizam e, por isso, vamos implementar, ainda no primeiro semestre, o Projeto Mundo Azul na Assembleia Legislativa\u201d, destacou o presidente da Assembleia Legislativa, Jos\u00e9 Sarto.<\/p>\n\n\n\n<figure class=\"wp-block-gallery columns-1 is-cropped wp-block-gallery-1 is-layout-flex wp-block-gallery-is-layout-flex\"><ul class=\"blocks-gallery-grid\"><li class=\"blocks-gallery-item\"><figure><img loading=\"lazy\" decoding=\"async\" width=\"759\" height=\"600\" src=\"http:\/\/blogdorogeriogomes.com.br\/wp-content\/uploads\/2020\/01\/IMG_20200111_045933_044.jpg\" alt=\"\" data-id=\"15279\" data-full-url=\"http:\/\/blogdorogeriogomes.com.br\/wp-content\/uploads\/2020\/01\/IMG_20200111_045933_044.jpg\" data-link=\"http:\/\/blogdorogeriogomes.com.br\/?attachment_id=15279\" class=\"wp-image-15279\" srcset=\"https:\/\/blogdorogeriogomes.com.br\/noticias\/wp-content\/uploads\/2020\/01\/IMG_20200111_045933_044.jpg 759w, https:\/\/blogdorogeriogomes.com.br\/noticias\/wp-content\/uploads\/2020\/01\/IMG_20200111_045933_044-300x237.jpg 300w\" sizes=\"auto, (max-width: 759px) 100vw, 759px\" \/><\/figure><\/li><\/ul><\/figure>\n","protected":false},"excerpt":{"rendered":"<p>A Assembleia Legislativa do Cear\u00e1 vai realizar sele\u00e7\u00e3o p\u00fablica para a contrata\u00e7\u00e3o de profissionais especializados que v\u00e3o atuar em projeto de tratamento de crian\u00e7as autistas. S\u00e3o profissionais de 12 \u00e1reas com 36 vagas. Os sal\u00e1rios variam de R$ 2,4 mil a R$ 4,2 mil. Os selecionados, que v\u00e3o exercer fun\u00e7\u00f5es de natureza comissionada, ir\u00e3o compor a equipe multidisciplinar do projeto Mundo Azul, que ser\u00e1 implantado pelo Legislativo estadual no primeiro semestre de 2020. As oportunidades s\u00e3o para assistente social&hellip;<\/p>\n","protected":false},"author":1,"featured_media":15279,"comment_status":"open","ping_status":"open","sticky":false,"template":"","format":"standard","meta":{"footnotes":""},"categories":[1],"tags":[],"class_list":["post-15278","post","type-post","status-publish","format-standard","has-post-thumbnail","hentry","category-noticias"],"_links":{"self":[{"href":"https:\/\/blogdorogeriogomes.com.br\/noticias\/wp-json\/wp\/v2\/posts\/15278","targetHints":{"allow":["GET"]}}],"collection":[{"href":"https:\/\/blogdorogeriogomes.com.br\/noticias\/wp-json\/wp\/v2\/posts"}],"about":[{"href":"https:\/\/blogdorogeriogomes.com.br\/noticias\/wp-json\/wp\/v2\/types\/post"}],"author":[{"embeddable":true,"href":"https:\/\/blogdorogeriogomes.com.br\/noticias\/wp-json\/wp\/v2\/users\/1"}],"replies":[{"embeddable":true,"href":"https:\/\/blogdorogeriogomes.com.br\/noticias\/wp-json\/wp\/v2\/comments?post=15278"}],"version-history":[{"count":1,"href":"https:\/\/blogdorogeriogomes.com.br\/noticias\/wp-json\/wp\/v2\/posts\/15278\/revisions"}],"predecessor-version":[{"id":15280,"href":"https:\/\/blogdorogeriogomes.com.br\/noticias\/wp-json\/wp\/v2\/posts\/15278\/revisions\/15280"}],"wp:featuredmedia":[{"embeddable":true,"href":"https:\/\/blogdorogeriogomes.com.br\/noticias\/wp-json\/wp\/v2\/media\/15279"}],"wp:attachment":[{"href":"https:\/\/blogdorogeriogomes.com.br\/noticias\/wp-json\/wp\/v2\/media?parent=15278"}],"wp:term":[{"taxonomy":"category","embeddable":true,"href":"https:\/\/blogdorogeriogomes.com.br\/noticias\/wp-json\/wp\/v2\/categories?post=15278"},{"taxonomy":"post_tag","embeddable":true,"href":"https:\/\/blogdorogeriogomes.com.br\/noticias\/wp-json\/wp\/v2\/tags?post=15278"}],"curies":[{"name":"wp","href":"https:\/\/api.w.org\/{rel}","templated":true}]}}