{"id":15284,"date":"2020-01-13T08:23:40","date_gmt":"2020-01-13T08:23:40","guid":{"rendered":"http:\/\/blogdorogeriogomes.com.br\/?p=15284"},"modified":"2020-01-13T14:07:26","modified_gmt":"2020-01-13T14:07:26","slug":"prefeitura-empossou-40-novos-conselheiros-tutelares-eleitos-em-fortaleza","status":"publish","type":"post","link":"https:\/\/blogdorogeriogomes.com.br\/noticias\/2020\/01\/prefeitura-empossou-40-novos-conselheiros-tutelares-eleitos-em-fortaleza\/","title":{"rendered":"Prefeitura empossou 40 novos conselheiros tutelares eleitos em Fortaleza"},"content":{"rendered":"\n<p>O prefeito Roberto Cl\u00e1udio empossou, na sexta-feira, dia 10 de janeiro, os 40 conselheiros tutelares de Fortaleza eleitos no pleito de outubro do ano passado. A Capital conta com oito conselhos tutelares, vinculados administrativamente \u00e0 Funda\u00e7\u00e3o da Crian\u00e7a e da Fam\u00edlia Cidad\u00e3 (Funci). Cada um \u00e9 composto por cinco conselheiros tutelares, assistentes sociais, psic\u00f3logos, advogados, educadores sociais, servi\u00e7os gerais e vigilantes.<br>\nO Conselho Tutelar tem a fun\u00e7\u00e3o de zelar pela garantia e defesa dos direitos da crian\u00e7a e do adolescente, onde integram o Sistema de Garantia de Direitos da Crian\u00e7a e do Adolescente.<\/p>\n\n\n\n<figure class=\"wp-block-gallery columns-1 is-cropped wp-block-gallery-1 is-layout-flex wp-block-gallery-is-layout-flex\"><ul class=\"blocks-gallery-grid\"><li class=\"blocks-gallery-item\"><figure><img loading=\"lazy\" decoding=\"async\" width=\"640\" height=\"480\" src=\"http:\/\/blogdorogeriogomes.com.br\/wp-content\/uploads\/2020\/01\/images-2020-01-13T052231.911.jpeg\" alt=\"\" data-id=\"15288\" data-full-url=\"http:\/\/blogdorogeriogomes.com.br\/wp-content\/uploads\/2020\/01\/images-2020-01-13T052231.911.jpeg\" data-link=\"http:\/\/blogdorogeriogomes.com.br\/?attachment_id=15288\" class=\"wp-image-15288\" srcset=\"https:\/\/blogdorogeriogomes.com.br\/noticias\/wp-content\/uploads\/2020\/01\/images-2020-01-13T052231.911.jpeg 640w, https:\/\/blogdorogeriogomes.com.br\/noticias\/wp-content\/uploads\/2020\/01\/images-2020-01-13T052231.911-300x225.jpeg 300w, https:\/\/blogdorogeriogomes.com.br\/noticias\/wp-content\/uploads\/2020\/01\/images-2020-01-13T052231.911-400x300.jpeg 400w\" sizes=\"auto, (max-width: 640px) 100vw, 640px\" \/><\/figure><\/li><\/ul><\/figure>\n","protected":false},"excerpt":{"rendered":"<p>O prefeito Roberto Cl\u00e1udio empossou, na sexta-feira, dia 10 de janeiro, os 40 conselheiros tutelares de Fortaleza eleitos no pleito de outubro do ano passado. A Capital conta com oito conselhos tutelares, vinculados administrativamente \u00e0 Funda\u00e7\u00e3o da Crian\u00e7a e da Fam\u00edlia Cidad\u00e3 (Funci). Cada um \u00e9 composto por cinco conselheiros tutelares, assistentes sociais, psic\u00f3logos, advogados, educadores sociais, servi\u00e7os gerais e vigilantes. O Conselho Tutelar tem a fun\u00e7\u00e3o de zelar pela garantia e defesa dos direitos da crian\u00e7a e do&hellip;<\/p>\n","protected":false},"author":1,"featured_media":15288,"comment_status":"open","ping_status":"open","sticky":false,"template":"","format":"standard","meta":{"footnotes":""},"categories":[1],"tags":[],"class_list":["post-15284","post","type-post","status-publish","format-standard","has-post-thumbnail","hentry","category-noticias"],"_links":{"self":[{"href":"https:\/\/blogdorogeriogomes.com.br\/noticias\/wp-json\/wp\/v2\/posts\/15284","targetHints":{"allow":["GET"]}}],"collection":[{"href":"https:\/\/blogdorogeriogomes.com.br\/noticias\/wp-json\/wp\/v2\/posts"}],"about":[{"href":"https:\/\/blogdorogeriogomes.com.br\/noticias\/wp-json\/wp\/v2\/types\/post"}],"author":[{"embeddable":true,"href":"https:\/\/blogdorogeriogomes.com.br\/noticias\/wp-json\/wp\/v2\/users\/1"}],"replies":[{"embeddable":true,"href":"https:\/\/blogdorogeriogomes.com.br\/noticias\/wp-json\/wp\/v2\/comments?post=15284"}],"version-history":[{"count":1,"href":"https:\/\/blogdorogeriogomes.com.br\/noticias\/wp-json\/wp\/v2\/posts\/15284\/revisions"}],"predecessor-version":[{"id":15289,"href":"https:\/\/blogdorogeriogomes.com.br\/noticias\/wp-json\/wp\/v2\/posts\/15284\/revisions\/15289"}],"wp:featuredmedia":[{"embeddable":true,"href":"https:\/\/blogdorogeriogomes.com.br\/noticias\/wp-json\/wp\/v2\/media\/15288"}],"wp:attachment":[{"href":"https:\/\/blogdorogeriogomes.com.br\/noticias\/wp-json\/wp\/v2\/media?parent=15284"}],"wp:term":[{"taxonomy":"category","embeddable":true,"href":"https:\/\/blogdorogeriogomes.com.br\/noticias\/wp-json\/wp\/v2\/categories?post=15284"},{"taxonomy":"post_tag","embeddable":true,"href":"https:\/\/blogdorogeriogomes.com.br\/noticias\/wp-json\/wp\/v2\/tags?post=15284"}],"curies":[{"name":"wp","href":"https:\/\/api.w.org\/{rel}","templated":true}]}}