{"id":15293,"date":"2020-01-13T20:17:54","date_gmt":"2020-01-13T20:17:54","guid":{"rendered":"http:\/\/blogdorogeriogomes.com.br\/?p=15293"},"modified":"2020-01-14T20:25:44","modified_gmt":"2020-01-14T20:25:44","slug":"democracia-em-vertigem-recebe-indicacao-para-o-oscar-2020","status":"publish","type":"post","link":"https:\/\/blogdorogeriogomes.com.br\/noticias\/2020\/01\/democracia-em-vertigem-recebe-indicacao-para-o-oscar-2020\/","title":{"rendered":"&#8220;Democracia em Vertigem&#8221; recebe indica\u00e7\u00e3o para o Oscar 2020"},"content":{"rendered":"\n<p>A cineasta brasileira Petra Costa comemora a indica\u00e7\u00e3o do seu document\u00e1rio &#8220;Democracia em Vertigem&#8221; para o Oscar 2020. A lista dos indicados foi divulgada nesta segunda-feira, dia 13 de janeiro, pela Academia de Artes e Ci\u00eancias Cinematogr\u00e1ficas de Hollywood. O Oscar \u00e9 a mais tradicional premia\u00e7\u00e3o da ind\u00fastria do cinema.<br> &#8220;Democracia em Vertigem&#8221; foi indicado ao Oscar de melhor document\u00e1rio de longa-metragem. O document\u00e1rio de Petra Costa faz um relato do cen\u00e1rio pol\u00edtico que envolveu o impeachment da ex-presidente Dilma Rousseff (PT).<br> A premia\u00e7\u00e3o acontece no dia 9 de fevereiro, em Los Angeles. Os filmes &#8220;Coringa&#8221;, &#8220;1917&#8221;, &#8220;Era Uma Vez Em\u2026 Hollywood&#8221;, &#8220;O Irland\u00eas&#8221;, &#8220;Hist\u00f3ria de um Casamento&#8221;, &#8220;Jojo Rabbit&#8221;, &#8220;Ador\u00e1veis Mulheres&#8221; e &#8220;Parasita&#8221; se destacaram dentre as indica\u00e7\u00f5es.<\/p>\n\n\n\n<figure class=\"wp-block-gallery columns-1 is-cropped wp-block-gallery-1 is-layout-flex wp-block-gallery-is-layout-flex\"><ul class=\"blocks-gallery-grid\"><li class=\"blocks-gallery-item\"><figure><img loading=\"lazy\" decoding=\"async\" width=\"645\" height=\"388\" src=\"http:\/\/blogdorogeriogomes.com.br\/wp-content\/uploads\/2020\/01\/images-2020-01-13T170057.893.jpeg\" alt=\"\" data-id=\"15294\" data-full-url=\"http:\/\/blogdorogeriogomes.com.br\/wp-content\/uploads\/2020\/01\/images-2020-01-13T170057.893.jpeg\" data-link=\"http:\/\/blogdorogeriogomes.com.br\/?attachment_id=15294\" class=\"wp-image-15294\" srcset=\"https:\/\/blogdorogeriogomes.com.br\/noticias\/wp-content\/uploads\/2020\/01\/images-2020-01-13T170057.893.jpeg 645w, https:\/\/blogdorogeriogomes.com.br\/noticias\/wp-content\/uploads\/2020\/01\/images-2020-01-13T170057.893-300x180.jpeg 300w\" sizes=\"auto, (max-width: 645px) 100vw, 645px\" \/><\/figure><\/li><\/ul><\/figure>\n","protected":false},"excerpt":{"rendered":"<p>A cineasta brasileira Petra Costa comemora a indica\u00e7\u00e3o do seu document\u00e1rio &#8220;Democracia em Vertigem&#8221; para o Oscar 2020. A lista dos indicados foi divulgada nesta segunda-feira, dia 13 de janeiro, pela Academia de Artes e Ci\u00eancias Cinematogr\u00e1ficas de Hollywood. O Oscar \u00e9 a mais tradicional premia\u00e7\u00e3o da ind\u00fastria do cinema. &#8220;Democracia em Vertigem&#8221; foi indicado ao Oscar de melhor document\u00e1rio de longa-metragem. O document\u00e1rio de Petra Costa faz um relato do cen\u00e1rio pol\u00edtico que envolveu o impeachment da ex-presidente&hellip;<\/p>\n","protected":false},"author":1,"featured_media":15294,"comment_status":"open","ping_status":"open","sticky":false,"template":"","format":"standard","meta":{"footnotes":""},"categories":[1],"tags":[],"class_list":["post-15293","post","type-post","status-publish","format-standard","has-post-thumbnail","hentry","category-noticias"],"_links":{"self":[{"href":"https:\/\/blogdorogeriogomes.com.br\/noticias\/wp-json\/wp\/v2\/posts\/15293","targetHints":{"allow":["GET"]}}],"collection":[{"href":"https:\/\/blogdorogeriogomes.com.br\/noticias\/wp-json\/wp\/v2\/posts"}],"about":[{"href":"https:\/\/blogdorogeriogomes.com.br\/noticias\/wp-json\/wp\/v2\/types\/post"}],"author":[{"embeddable":true,"href":"https:\/\/blogdorogeriogomes.com.br\/noticias\/wp-json\/wp\/v2\/users\/1"}],"replies":[{"embeddable":true,"href":"https:\/\/blogdorogeriogomes.com.br\/noticias\/wp-json\/wp\/v2\/comments?post=15293"}],"version-history":[{"count":1,"href":"https:\/\/blogdorogeriogomes.com.br\/noticias\/wp-json\/wp\/v2\/posts\/15293\/revisions"}],"predecessor-version":[{"id":15295,"href":"https:\/\/blogdorogeriogomes.com.br\/noticias\/wp-json\/wp\/v2\/posts\/15293\/revisions\/15295"}],"wp:featuredmedia":[{"embeddable":true,"href":"https:\/\/blogdorogeriogomes.com.br\/noticias\/wp-json\/wp\/v2\/media\/15294"}],"wp:attachment":[{"href":"https:\/\/blogdorogeriogomes.com.br\/noticias\/wp-json\/wp\/v2\/media?parent=15293"}],"wp:term":[{"taxonomy":"category","embeddable":true,"href":"https:\/\/blogdorogeriogomes.com.br\/noticias\/wp-json\/wp\/v2\/categories?post=15293"},{"taxonomy":"post_tag","embeddable":true,"href":"https:\/\/blogdorogeriogomes.com.br\/noticias\/wp-json\/wp\/v2\/tags?post=15293"}],"curies":[{"name":"wp","href":"https:\/\/api.w.org\/{rel}","templated":true}]}}