{"id":15296,"date":"2020-01-13T23:23:52","date_gmt":"2020-01-13T23:23:52","guid":{"rendered":"http:\/\/blogdorogeriogomes.com.br\/?p=15296"},"modified":"2020-01-14T20:25:29","modified_gmt":"2020-01-14T20:25:29","slug":"roberto-claudio-apresenta-plano-de-acoes-preventivas-para-quadra-chuvosa-de-2020","status":"publish","type":"post","link":"https:\/\/blogdorogeriogomes.com.br\/noticias\/2020\/01\/roberto-claudio-apresenta-plano-de-acoes-preventivas-para-quadra-chuvosa-de-2020\/","title":{"rendered":"Roberto Cl\u00e1udio apresenta plano de a\u00e7\u00f5es preventivas para quadra chuvosa de 2020"},"content":{"rendered":"\n<p>O prefeito de Fortaleza, Roberto Cl\u00e1udio, apresenta, nesta ter\u00e7a-feira, dia 14 de janeiro, o plano de a\u00e7\u00f5es preventivas para a quadra chuvosa de 2020. A ideia \u00e9 definir as estrat\u00e9gias que visam diminuir os impactos das chuvas, como medidas de preven\u00e7\u00e3o e melhor capacidade de resposta diante de prov\u00e1veis preju\u00edzos. A\u00e7\u00f5es de limpeza e solu\u00e7\u00f5es de drenagem tamb\u00e9m est\u00e3o entre as a\u00e7\u00f5es.<br>\nTamb\u00e9m estar\u00e3o presentes \u00e0 coletiva para os jornalistas, o coordenador Especial de Articula\u00e7\u00e3o das Secretarias Regionais, Renato Lima, o secret\u00e1rio de Conserva\u00e7\u00e3o e Servi\u00e7os P\u00fablicos, Jo\u00e3o Pupo, a secret\u00e1ria de Infraestrutura, Manuela Nogueira, o coordenador municipal de Prote\u00e7\u00e3o e Defesa Civil, Luciano Agnelo, e o presidente da Funda\u00e7\u00e3o Cearense de Meteorologia e Recursos H\u00eddricos (Funceme), Eduardo S\u00e1vio Martins. A Funceme s\u00f3 apresenta o progn\u00f3stico da quadra chuvosa de 2020 na segunda quinzena de janeiro.<\/p>\n\n\n\n<figure class=\"wp-block-gallery columns-1 is-cropped wp-block-gallery-1 is-layout-flex wp-block-gallery-is-layout-flex\"><ul class=\"blocks-gallery-grid\"><li class=\"blocks-gallery-item\"><figure><img loading=\"lazy\" decoding=\"async\" width=\"713\" height=\"430\" src=\"http:\/\/blogdorogeriogomes.com.br\/wp-content\/uploads\/2020\/01\/images-2020-01-13T201540.717.jpeg\" alt=\"\" data-id=\"15297\" data-full-url=\"http:\/\/blogdorogeriogomes.com.br\/wp-content\/uploads\/2020\/01\/images-2020-01-13T201540.717.jpeg\" data-link=\"http:\/\/blogdorogeriogomes.com.br\/?attachment_id=15297\" class=\"wp-image-15297\" srcset=\"https:\/\/blogdorogeriogomes.com.br\/noticias\/wp-content\/uploads\/2020\/01\/images-2020-01-13T201540.717.jpeg 713w, https:\/\/blogdorogeriogomes.com.br\/noticias\/wp-content\/uploads\/2020\/01\/images-2020-01-13T201540.717-300x181.jpeg 300w\" sizes=\"auto, (max-width: 713px) 100vw, 713px\" \/><\/figure><\/li><\/ul><\/figure>\n","protected":false},"excerpt":{"rendered":"<p>O prefeito de Fortaleza, Roberto Cl\u00e1udio, apresenta, nesta ter\u00e7a-feira, dia 14 de janeiro, o plano de a\u00e7\u00f5es preventivas para a quadra chuvosa de 2020. A ideia \u00e9 definir as estrat\u00e9gias que visam diminuir os impactos das chuvas, como medidas de preven\u00e7\u00e3o e melhor capacidade de resposta diante de prov\u00e1veis preju\u00edzos. A\u00e7\u00f5es de limpeza e solu\u00e7\u00f5es de drenagem tamb\u00e9m est\u00e3o entre as a\u00e7\u00f5es. Tamb\u00e9m estar\u00e3o presentes \u00e0 coletiva para os jornalistas, o coordenador Especial de Articula\u00e7\u00e3o das Secretarias Regionais, Renato&hellip;<\/p>\n","protected":false},"author":1,"featured_media":15297,"comment_status":"open","ping_status":"open","sticky":false,"template":"","format":"standard","meta":{"footnotes":""},"categories":[1],"tags":[],"class_list":["post-15296","post","type-post","status-publish","format-standard","has-post-thumbnail","hentry","category-noticias"],"_links":{"self":[{"href":"https:\/\/blogdorogeriogomes.com.br\/noticias\/wp-json\/wp\/v2\/posts\/15296","targetHints":{"allow":["GET"]}}],"collection":[{"href":"https:\/\/blogdorogeriogomes.com.br\/noticias\/wp-json\/wp\/v2\/posts"}],"about":[{"href":"https:\/\/blogdorogeriogomes.com.br\/noticias\/wp-json\/wp\/v2\/types\/post"}],"author":[{"embeddable":true,"href":"https:\/\/blogdorogeriogomes.com.br\/noticias\/wp-json\/wp\/v2\/users\/1"}],"replies":[{"embeddable":true,"href":"https:\/\/blogdorogeriogomes.com.br\/noticias\/wp-json\/wp\/v2\/comments?post=15296"}],"version-history":[{"count":1,"href":"https:\/\/blogdorogeriogomes.com.br\/noticias\/wp-json\/wp\/v2\/posts\/15296\/revisions"}],"predecessor-version":[{"id":15298,"href":"https:\/\/blogdorogeriogomes.com.br\/noticias\/wp-json\/wp\/v2\/posts\/15296\/revisions\/15298"}],"wp:featuredmedia":[{"embeddable":true,"href":"https:\/\/blogdorogeriogomes.com.br\/noticias\/wp-json\/wp\/v2\/media\/15297"}],"wp:attachment":[{"href":"https:\/\/blogdorogeriogomes.com.br\/noticias\/wp-json\/wp\/v2\/media?parent=15296"}],"wp:term":[{"taxonomy":"category","embeddable":true,"href":"https:\/\/blogdorogeriogomes.com.br\/noticias\/wp-json\/wp\/v2\/categories?post=15296"},{"taxonomy":"post_tag","embeddable":true,"href":"https:\/\/blogdorogeriogomes.com.br\/noticias\/wp-json\/wp\/v2\/tags?post=15296"}],"curies":[{"name":"wp","href":"https:\/\/api.w.org\/{rel}","templated":true}]}}