{"id":15299,"date":"2020-01-14T08:17:23","date_gmt":"2020-01-14T08:17:23","guid":{"rendered":"http:\/\/blogdorogeriogomes.com.br\/?p=15299"},"modified":"2020-01-14T20:25:11","modified_gmt":"2020-01-14T20:25:11","slug":"retorno-dos-trabalhos-na-assembleia-legislativa-esta-previsto-para-1-de-fevereiro","status":"publish","type":"post","link":"https:\/\/blogdorogeriogomes.com.br\/noticias\/2020\/01\/retorno-dos-trabalhos-na-assembleia-legislativa-esta-previsto-para-1-de-fevereiro\/","title":{"rendered":"Retorno dos trabalhos na Assembleia Legislativa est\u00e1 previsto para 1\u00b0 de fevereiro"},"content":{"rendered":"\n<p>Os trabalhos da Assembleia Legislativa do Cear\u00e1 ser\u00e3o retomados no pr\u00f3ximo dia 1\u00b0 de fevereiro. Ap\u00f3s o recesso parlamentar, os deputados estaduais dever\u00e3o ter um ano com pauta apertada por causa das elei\u00e7\u00f5es municipais. Afinal, muitos deles, que t\u00eam bases eleitorais no interior do Estado, v\u00e3o se engajar nas campanhas de aliados pol\u00edticos que v\u00e3o tentar novos mandatos pol\u00edticos para prefeito e vereador. O presidente Jos\u00e9 Sarto promete cobrar os colegas para evitar qualquer esvaziamento das sess\u00f5es.<br>\nNa Assembleia, as pend\u00eancias para vota\u00e7\u00e3o no primeiro semestre ficam por conta do processo do deputado Andr\u00e9 Fernandes (PSL) no Conselho de \u00c9tica e a atualiza\u00e7\u00e3o do Regimento Interno da Casa.<\/p>\n\n\n\n<figure class=\"wp-block-gallery columns-1 is-cropped wp-block-gallery-1 is-layout-flex wp-block-gallery-is-layout-flex\"><ul class=\"blocks-gallery-grid\"><li class=\"blocks-gallery-item\"><figure><img loading=\"lazy\" decoding=\"async\" width=\"678\" height=\"452\" src=\"http:\/\/blogdorogeriogomes.com.br\/wp-content\/uploads\/2020\/01\/images-2020-01-14T050342.735.jpeg\" alt=\"\" data-id=\"15300\" data-full-url=\"http:\/\/blogdorogeriogomes.com.br\/wp-content\/uploads\/2020\/01\/images-2020-01-14T050342.735.jpeg\" data-link=\"http:\/\/blogdorogeriogomes.com.br\/?attachment_id=15300\" class=\"wp-image-15300\" srcset=\"https:\/\/blogdorogeriogomes.com.br\/noticias\/wp-content\/uploads\/2020\/01\/images-2020-01-14T050342.735.jpeg 678w, https:\/\/blogdorogeriogomes.com.br\/noticias\/wp-content\/uploads\/2020\/01\/images-2020-01-14T050342.735-300x200.jpeg 300w\" sizes=\"auto, (max-width: 678px) 100vw, 678px\" \/><\/figure><\/li><\/ul><\/figure>\n","protected":false},"excerpt":{"rendered":"<p>Os trabalhos da Assembleia Legislativa do Cear\u00e1 ser\u00e3o retomados no pr\u00f3ximo dia 1\u00b0 de fevereiro. Ap\u00f3s o recesso parlamentar, os deputados estaduais dever\u00e3o ter um ano com pauta apertada por causa das elei\u00e7\u00f5es municipais. Afinal, muitos deles, que t\u00eam bases eleitorais no interior do Estado, v\u00e3o se engajar nas campanhas de aliados pol\u00edticos que v\u00e3o tentar novos mandatos pol\u00edticos para prefeito e vereador. O presidente Jos\u00e9 Sarto promete cobrar os colegas para evitar qualquer esvaziamento das sess\u00f5es. Na Assembleia,&hellip;<\/p>\n","protected":false},"author":1,"featured_media":15300,"comment_status":"open","ping_status":"open","sticky":false,"template":"","format":"standard","meta":{"footnotes":""},"categories":[1],"tags":[],"class_list":["post-15299","post","type-post","status-publish","format-standard","has-post-thumbnail","hentry","category-noticias"],"_links":{"self":[{"href":"https:\/\/blogdorogeriogomes.com.br\/noticias\/wp-json\/wp\/v2\/posts\/15299","targetHints":{"allow":["GET"]}}],"collection":[{"href":"https:\/\/blogdorogeriogomes.com.br\/noticias\/wp-json\/wp\/v2\/posts"}],"about":[{"href":"https:\/\/blogdorogeriogomes.com.br\/noticias\/wp-json\/wp\/v2\/types\/post"}],"author":[{"embeddable":true,"href":"https:\/\/blogdorogeriogomes.com.br\/noticias\/wp-json\/wp\/v2\/users\/1"}],"replies":[{"embeddable":true,"href":"https:\/\/blogdorogeriogomes.com.br\/noticias\/wp-json\/wp\/v2\/comments?post=15299"}],"version-history":[{"count":1,"href":"https:\/\/blogdorogeriogomes.com.br\/noticias\/wp-json\/wp\/v2\/posts\/15299\/revisions"}],"predecessor-version":[{"id":15301,"href":"https:\/\/blogdorogeriogomes.com.br\/noticias\/wp-json\/wp\/v2\/posts\/15299\/revisions\/15301"}],"wp:featuredmedia":[{"embeddable":true,"href":"https:\/\/blogdorogeriogomes.com.br\/noticias\/wp-json\/wp\/v2\/media\/15300"}],"wp:attachment":[{"href":"https:\/\/blogdorogeriogomes.com.br\/noticias\/wp-json\/wp\/v2\/media?parent=15299"}],"wp:term":[{"taxonomy":"category","embeddable":true,"href":"https:\/\/blogdorogeriogomes.com.br\/noticias\/wp-json\/wp\/v2\/categories?post=15299"},{"taxonomy":"post_tag","embeddable":true,"href":"https:\/\/blogdorogeriogomes.com.br\/noticias\/wp-json\/wp\/v2\/tags?post=15299"}],"curies":[{"name":"wp","href":"https:\/\/api.w.org\/{rel}","templated":true}]}}