{"id":15302,"date":"2020-01-14T08:35:20","date_gmt":"2020-01-14T08:35:20","guid":{"rendered":"http:\/\/blogdorogeriogomes.com.br\/?p=15302"},"modified":"2020-01-14T20:25:02","modified_gmt":"2020-01-14T20:25:02","slug":"agefis-intensifica-fiscalizacao-a-predios-residenciais-e-comerciais-em-fortaleza","status":"publish","type":"post","link":"https:\/\/blogdorogeriogomes.com.br\/noticias\/2020\/01\/agefis-intensifica-fiscalizacao-a-predios-residenciais-e-comerciais-em-fortaleza\/","title":{"rendered":"Agefis intensifica fiscaliza\u00e7\u00e3o a pr\u00e9dios residenciais e comerciais em Fortaleza"},"content":{"rendered":"\n<p>Ap\u00f3s a trag\u00e9dia do Edif\u00edcio Andrea, em Fortaleza, que desabou no dia 15 de outubro do ano passado, provocando a morte de nove pessoas soterradas nos escombros, a Ag\u00eancia de Fiscaliza\u00e7\u00e3o de Fortaleza (Agefis) vem intensificando a vistoria em pr\u00e9dios residenciais e comerciais da Capital. Desde ent\u00e3o, o \u00f3rg\u00e3o j\u00e1 realizou 26 autua\u00e7\u00f5es relativas a irregularidades em edifica\u00e7\u00f5es de Fortaleza.<br>\nPr\u00e9dios, que s\u00e3o autuados pela fiscaliza\u00e7\u00e3o, precisam apresentar um laudo t\u00e9cnico do engenheiro respons\u00e1vel pela constru\u00e7\u00e3o para prosseguir com a regulariza\u00e7\u00e3o junto a Agefis. Entre os itens verificados pelos fiscais est\u00e3o as condi\u00e7\u00f5es de higiene e seguran\u00e7a de elementos internos como pisos, tetos, revestimentos, telhados, instala\u00e7\u00f5es el\u00e9tricas e hidrossanit\u00e1rias.<\/p>\n\n\n\n<figure class=\"wp-block-gallery columns-1 is-cropped wp-block-gallery-1 is-layout-flex wp-block-gallery-is-layout-flex\"><ul class=\"blocks-gallery-grid\"><li class=\"blocks-gallery-item\"><figure><img loading=\"lazy\" decoding=\"async\" width=\"639\" height=\"480\" src=\"http:\/\/blogdorogeriogomes.com.br\/wp-content\/uploads\/2020\/01\/images-2020-01-14T052531.703.jpeg\" alt=\"\" data-id=\"15303\" data-full-url=\"http:\/\/blogdorogeriogomes.com.br\/wp-content\/uploads\/2020\/01\/images-2020-01-14T052531.703.jpeg\" data-link=\"http:\/\/blogdorogeriogomes.com.br\/?attachment_id=15303\" class=\"wp-image-15303\" srcset=\"https:\/\/blogdorogeriogomes.com.br\/noticias\/wp-content\/uploads\/2020\/01\/images-2020-01-14T052531.703.jpeg 639w, https:\/\/blogdorogeriogomes.com.br\/noticias\/wp-content\/uploads\/2020\/01\/images-2020-01-14T052531.703-300x225.jpeg 300w, https:\/\/blogdorogeriogomes.com.br\/noticias\/wp-content\/uploads\/2020\/01\/images-2020-01-14T052531.703-400x300.jpeg 400w\" sizes=\"auto, (max-width: 639px) 100vw, 639px\" \/><\/figure><\/li><\/ul><\/figure>\n","protected":false},"excerpt":{"rendered":"<p>Ap\u00f3s a trag\u00e9dia do Edif\u00edcio Andrea, em Fortaleza, que desabou no dia 15 de outubro do ano passado, provocando a morte de nove pessoas soterradas nos escombros, a Ag\u00eancia de Fiscaliza\u00e7\u00e3o de Fortaleza (Agefis) vem intensificando a vistoria em pr\u00e9dios residenciais e comerciais da Capital. Desde ent\u00e3o, o \u00f3rg\u00e3o j\u00e1 realizou 26 autua\u00e7\u00f5es relativas a irregularidades em edifica\u00e7\u00f5es de Fortaleza. Pr\u00e9dios, que s\u00e3o autuados pela fiscaliza\u00e7\u00e3o, precisam apresentar um laudo t\u00e9cnico do engenheiro respons\u00e1vel pela constru\u00e7\u00e3o para prosseguir com&hellip;<\/p>\n","protected":false},"author":1,"featured_media":15303,"comment_status":"open","ping_status":"open","sticky":false,"template":"","format":"standard","meta":{"footnotes":""},"categories":[1],"tags":[],"class_list":["post-15302","post","type-post","status-publish","format-standard","has-post-thumbnail","hentry","category-noticias"],"_links":{"self":[{"href":"https:\/\/blogdorogeriogomes.com.br\/noticias\/wp-json\/wp\/v2\/posts\/15302","targetHints":{"allow":["GET"]}}],"collection":[{"href":"https:\/\/blogdorogeriogomes.com.br\/noticias\/wp-json\/wp\/v2\/posts"}],"about":[{"href":"https:\/\/blogdorogeriogomes.com.br\/noticias\/wp-json\/wp\/v2\/types\/post"}],"author":[{"embeddable":true,"href":"https:\/\/blogdorogeriogomes.com.br\/noticias\/wp-json\/wp\/v2\/users\/1"}],"replies":[{"embeddable":true,"href":"https:\/\/blogdorogeriogomes.com.br\/noticias\/wp-json\/wp\/v2\/comments?post=15302"}],"version-history":[{"count":1,"href":"https:\/\/blogdorogeriogomes.com.br\/noticias\/wp-json\/wp\/v2\/posts\/15302\/revisions"}],"predecessor-version":[{"id":15304,"href":"https:\/\/blogdorogeriogomes.com.br\/noticias\/wp-json\/wp\/v2\/posts\/15302\/revisions\/15304"}],"wp:featuredmedia":[{"embeddable":true,"href":"https:\/\/blogdorogeriogomes.com.br\/noticias\/wp-json\/wp\/v2\/media\/15303"}],"wp:attachment":[{"href":"https:\/\/blogdorogeriogomes.com.br\/noticias\/wp-json\/wp\/v2\/media?parent=15302"}],"wp:term":[{"taxonomy":"category","embeddable":true,"href":"https:\/\/blogdorogeriogomes.com.br\/noticias\/wp-json\/wp\/v2\/categories?post=15302"},{"taxonomy":"post_tag","embeddable":true,"href":"https:\/\/blogdorogeriogomes.com.br\/noticias\/wp-json\/wp\/v2\/tags?post=15302"}],"curies":[{"name":"wp","href":"https:\/\/api.w.org\/{rel}","templated":true}]}}