{"id":15305,"date":"2020-01-14T18:42:09","date_gmt":"2020-01-14T18:42:09","guid":{"rendered":"http:\/\/blogdorogeriogomes.com.br\/?p=15305"},"modified":"2020-01-14T20:24:52","modified_gmt":"2020-01-14T20:24:52","slug":"70-novos-agentes-penitenciarios-assumem-suas-funcoes-no-sistema-prisional-do-ceara-em-fevereiro","status":"publish","type":"post","link":"https:\/\/blogdorogeriogomes.com.br\/noticias\/2020\/01\/70-novos-agentes-penitenciarios-assumem-suas-funcoes-no-sistema-prisional-do-ceara-em-fevereiro\/","title":{"rendered":"70 novos agentes penitenci\u00e1rios assumem suas fun\u00e7\u00f5es no sistema prisional do Cear\u00e1 em fevereiro"},"content":{"rendered":"\n<p>O sistema prisional do Cear\u00e1 passar\u00e1 a contar com mais 70 agentes penitenci\u00e1rios, a partir de fevereiro. Os novos servidores foram aprovados no concurso p\u00fablico realizado em 2017. Dos 2 mil candidatos que foram convocados para o curso de forma\u00e7\u00e3o 1.695 atenderam ao chamamento e cumpriram os requisitos obrigat\u00f3rios ao longo das etapas de avalia\u00e7\u00e3o f\u00edsica, de sa\u00fade e psicol\u00f3gica.<br>\n&#8220;Agora em fevereiro ser\u00e1 chamada a turma para fazer o treinamento e tamb\u00e9m j\u00e1 assumir, pois \u00e9 a previs\u00e3o que vai ser inaugurada uma nova unidade aqui no Cear\u00e1\u201d, disse o governador Camilo Santana.<\/p>\n\n\n\n<figure class=\"wp-block-gallery columns-1 is-cropped wp-block-gallery-1 is-layout-flex wp-block-gallery-is-layout-flex\"><ul class=\"blocks-gallery-grid\"><li class=\"blocks-gallery-item\"><figure><img loading=\"lazy\" decoding=\"async\" width=\"1024\" height=\"684\" src=\"http:\/\/blogdorogeriogomes.com.br\/wp-content\/uploads\/2020\/01\/191009_IPPOO_DP27104-1-1200x801-1-1024x684.jpg\" alt=\"\" data-id=\"15306\" data-full-url=\"http:\/\/blogdorogeriogomes.com.br\/wp-content\/uploads\/2020\/01\/191009_IPPOO_DP27104-1-1200x801-1.jpg\" data-link=\"http:\/\/blogdorogeriogomes.com.br\/?attachment_id=15306\" class=\"wp-image-15306\" srcset=\"https:\/\/blogdorogeriogomes.com.br\/noticias\/wp-content\/uploads\/2020\/01\/191009_IPPOO_DP27104-1-1200x801-1-1024x684.jpg 1024w, https:\/\/blogdorogeriogomes.com.br\/noticias\/wp-content\/uploads\/2020\/01\/191009_IPPOO_DP27104-1-1200x801-1-300x200.jpg 300w, https:\/\/blogdorogeriogomes.com.br\/noticias\/wp-content\/uploads\/2020\/01\/191009_IPPOO_DP27104-1-1200x801-1-768x513.jpg 768w, https:\/\/blogdorogeriogomes.com.br\/noticias\/wp-content\/uploads\/2020\/01\/191009_IPPOO_DP27104-1-1200x801-1-800x534.jpg 800w, https:\/\/blogdorogeriogomes.com.br\/noticias\/wp-content\/uploads\/2020\/01\/191009_IPPOO_DP27104-1-1200x801-1.jpg 1200w\" sizes=\"auto, (max-width: 1024px) 100vw, 1024px\" \/><\/figure><\/li><\/ul><\/figure>\n","protected":false},"excerpt":{"rendered":"<p>O sistema prisional do Cear\u00e1 passar\u00e1 a contar com mais 70 agentes penitenci\u00e1rios, a partir de fevereiro. Os novos servidores foram aprovados no concurso p\u00fablico realizado em 2017. Dos 2 mil candidatos que foram convocados para o curso de forma\u00e7\u00e3o 1.695 atenderam ao chamamento e cumpriram os requisitos obrigat\u00f3rios ao longo das etapas de avalia\u00e7\u00e3o f\u00edsica, de sa\u00fade e psicol\u00f3gica. &#8220;Agora em fevereiro ser\u00e1 chamada a turma para fazer o treinamento e tamb\u00e9m j\u00e1 assumir, pois \u00e9 a previs\u00e3o&hellip;<\/p>\n","protected":false},"author":1,"featured_media":15306,"comment_status":"open","ping_status":"open","sticky":false,"template":"","format":"standard","meta":{"footnotes":""},"categories":[1],"tags":[],"class_list":["post-15305","post","type-post","status-publish","format-standard","has-post-thumbnail","hentry","category-noticias"],"_links":{"self":[{"href":"https:\/\/blogdorogeriogomes.com.br\/noticias\/wp-json\/wp\/v2\/posts\/15305","targetHints":{"allow":["GET"]}}],"collection":[{"href":"https:\/\/blogdorogeriogomes.com.br\/noticias\/wp-json\/wp\/v2\/posts"}],"about":[{"href":"https:\/\/blogdorogeriogomes.com.br\/noticias\/wp-json\/wp\/v2\/types\/post"}],"author":[{"embeddable":true,"href":"https:\/\/blogdorogeriogomes.com.br\/noticias\/wp-json\/wp\/v2\/users\/1"}],"replies":[{"embeddable":true,"href":"https:\/\/blogdorogeriogomes.com.br\/noticias\/wp-json\/wp\/v2\/comments?post=15305"}],"version-history":[{"count":1,"href":"https:\/\/blogdorogeriogomes.com.br\/noticias\/wp-json\/wp\/v2\/posts\/15305\/revisions"}],"predecessor-version":[{"id":15307,"href":"https:\/\/blogdorogeriogomes.com.br\/noticias\/wp-json\/wp\/v2\/posts\/15305\/revisions\/15307"}],"wp:featuredmedia":[{"embeddable":true,"href":"https:\/\/blogdorogeriogomes.com.br\/noticias\/wp-json\/wp\/v2\/media\/15306"}],"wp:attachment":[{"href":"https:\/\/blogdorogeriogomes.com.br\/noticias\/wp-json\/wp\/v2\/media?parent=15305"}],"wp:term":[{"taxonomy":"category","embeddable":true,"href":"https:\/\/blogdorogeriogomes.com.br\/noticias\/wp-json\/wp\/v2\/categories?post=15305"},{"taxonomy":"post_tag","embeddable":true,"href":"https:\/\/blogdorogeriogomes.com.br\/noticias\/wp-json\/wp\/v2\/tags?post=15305"}],"curies":[{"name":"wp","href":"https:\/\/api.w.org\/{rel}","templated":true}]}}