{"id":15311,"date":"2020-01-15T08:23:30","date_gmt":"2020-01-15T08:23:30","guid":{"rendered":"http:\/\/blogdorogeriogomes.com.br\/?p=15311"},"modified":"2020-01-15T13:16:41","modified_gmt":"2020-01-15T13:16:41","slug":"governo-federal-corrige-aumento-de-salario-minimo-para-2020-em-mais-r-6-reais","status":"publish","type":"post","link":"https:\/\/blogdorogeriogomes.com.br\/noticias\/2020\/01\/governo-federal-corrige-aumento-de-salario-minimo-para-2020-em-mais-r-6-reais\/","title":{"rendered":"Governo Federal corrige aumento de sal\u00e1rio m\u00ednimo para 2020 em mais R$ 6 reais"},"content":{"rendered":"\n<p>O Governo Federal vai conceder aumento do sal\u00e1rio m\u00ednimo em 2020, repondo a infla\u00e7\u00e3o pelo INPC e elevando de R$ 1.039 para R$ 1.045. Em 31 de dezembro, o presidente Jair Bolsonaro editou uma medida provis\u00f3ria fixando o sal\u00e1rio m\u00ednimo em R$ 1.039, para este ano. O reajuste de 4,1% em rela\u00e7\u00e3o aos R$ 998 do ano passado foi calculado com base na proje\u00e7\u00e3o para o INPC, que acabou fechando o ano mais alto, em 4,48%. Portanto, o reajuste concedido pelo governo estava abaixo da infla\u00e7\u00e3o do per\u00edodo. A corre\u00e7\u00e3o ficou em R$ 6 no sal\u00e1rio anunciado anteriormente.<br>\nO an\u00fancio da corre\u00e7\u00e3o saiu ap\u00f3s reuni\u00e3o com a equipe econ\u00f4mica do ministro Paulo Guedes, da Economia. O governo chegou a cogitar corrigir a distor\u00e7\u00e3o s\u00f3 em 2021, mas essa solu\u00e7\u00e3o foi descartada. Num ano eleitoral, tal decis\u00e3o poderia aumentar a rejei\u00e7\u00e3o ao governo.<\/p>\n\n\n\n<figure class=\"wp-block-gallery columns-1 is-cropped wp-block-gallery-1 is-layout-flex wp-block-gallery-is-layout-flex\"><ul class=\"blocks-gallery-grid\"><li class=\"blocks-gallery-item\"><figure><img loading=\"lazy\" decoding=\"async\" width=\"678\" height=\"452\" src=\"http:\/\/blogdorogeriogomes.com.br\/wp-content\/uploads\/2020\/01\/images-2020-01-15T051722.806.jpeg\" alt=\"\" data-id=\"15312\" data-full-url=\"http:\/\/blogdorogeriogomes.com.br\/wp-content\/uploads\/2020\/01\/images-2020-01-15T051722.806.jpeg\" data-link=\"http:\/\/blogdorogeriogomes.com.br\/?attachment_id=15312\" class=\"wp-image-15312\" srcset=\"https:\/\/blogdorogeriogomes.com.br\/noticias\/wp-content\/uploads\/2020\/01\/images-2020-01-15T051722.806.jpeg 678w, https:\/\/blogdorogeriogomes.com.br\/noticias\/wp-content\/uploads\/2020\/01\/images-2020-01-15T051722.806-300x200.jpeg 300w\" sizes=\"auto, (max-width: 678px) 100vw, 678px\" \/><\/figure><\/li><\/ul><\/figure>\n","protected":false},"excerpt":{"rendered":"<p>O Governo Federal vai conceder aumento do sal\u00e1rio m\u00ednimo em 2020, repondo a infla\u00e7\u00e3o pelo INPC e elevando de R$ 1.039 para R$ 1.045. Em 31 de dezembro, o presidente Jair Bolsonaro editou uma medida provis\u00f3ria fixando o sal\u00e1rio m\u00ednimo em R$ 1.039, para este ano. O reajuste de 4,1% em rela\u00e7\u00e3o aos R$ 998 do ano passado foi calculado com base na proje\u00e7\u00e3o para o INPC, que acabou fechando o ano mais alto, em 4,48%. Portanto, o reajuste&hellip;<\/p>\n","protected":false},"author":1,"featured_media":15312,"comment_status":"open","ping_status":"open","sticky":false,"template":"","format":"standard","meta":{"footnotes":""},"categories":[1],"tags":[],"class_list":["post-15311","post","type-post","status-publish","format-standard","has-post-thumbnail","hentry","category-noticias"],"_links":{"self":[{"href":"https:\/\/blogdorogeriogomes.com.br\/noticias\/wp-json\/wp\/v2\/posts\/15311","targetHints":{"allow":["GET"]}}],"collection":[{"href":"https:\/\/blogdorogeriogomes.com.br\/noticias\/wp-json\/wp\/v2\/posts"}],"about":[{"href":"https:\/\/blogdorogeriogomes.com.br\/noticias\/wp-json\/wp\/v2\/types\/post"}],"author":[{"embeddable":true,"href":"https:\/\/blogdorogeriogomes.com.br\/noticias\/wp-json\/wp\/v2\/users\/1"}],"replies":[{"embeddable":true,"href":"https:\/\/blogdorogeriogomes.com.br\/noticias\/wp-json\/wp\/v2\/comments?post=15311"}],"version-history":[{"count":1,"href":"https:\/\/blogdorogeriogomes.com.br\/noticias\/wp-json\/wp\/v2\/posts\/15311\/revisions"}],"predecessor-version":[{"id":15313,"href":"https:\/\/blogdorogeriogomes.com.br\/noticias\/wp-json\/wp\/v2\/posts\/15311\/revisions\/15313"}],"wp:featuredmedia":[{"embeddable":true,"href":"https:\/\/blogdorogeriogomes.com.br\/noticias\/wp-json\/wp\/v2\/media\/15312"}],"wp:attachment":[{"href":"https:\/\/blogdorogeriogomes.com.br\/noticias\/wp-json\/wp\/v2\/media?parent=15311"}],"wp:term":[{"taxonomy":"category","embeddable":true,"href":"https:\/\/blogdorogeriogomes.com.br\/noticias\/wp-json\/wp\/v2\/categories?post=15311"},{"taxonomy":"post_tag","embeddable":true,"href":"https:\/\/blogdorogeriogomes.com.br\/noticias\/wp-json\/wp\/v2\/tags?post=15311"}],"curies":[{"name":"wp","href":"https:\/\/api.w.org\/{rel}","templated":true}]}}