{"id":15314,"date":"2020-01-15T08:37:17","date_gmt":"2020-01-15T08:37:17","guid":{"rendered":"http:\/\/blogdorogeriogomes.com.br\/?p=15314"},"modified":"2020-01-15T13:16:27","modified_gmt":"2020-01-15T13:16:27","slug":"manifestantes-protestam-contra-candido-albuquerque-durante-colacao-de-grau-na-ufc","status":"publish","type":"post","link":"https:\/\/blogdorogeriogomes.com.br\/noticias\/2020\/01\/manifestantes-protestam-contra-candido-albuquerque-durante-colacao-de-grau-na-ufc\/","title":{"rendered":"Manifestantes protestam contra C\u00e2ndido Albuquerque durante cola\u00e7\u00e3o de grau na UFC"},"content":{"rendered":"\n<p>Um grupo de estudantes e professores subiu no palco da Concha Ac\u00fastica da UFC, nesta ter\u00e7a-feira, dia 14 de janeiro, com faixas de &#8220;fora interventor&#8221; para protestar contra o reitor da Universidade Federal do Cear\u00e1, C\u00e2ndido Albuquerque. A manifesta\u00e7\u00e3o contra o reitor aconteceu durante a cola\u00e7\u00e3o de grau dos concludentes de 2019.2.<br>\nParte da comunidade universit\u00e1ria n\u00e3o reconhece a nomea\u00e7\u00e3o de C\u00e2ndido Albuquerque, em agosto do ano passado, por ele ter sido o candidato com o menor n\u00famero de votos na consulta p\u00fablica da UFC.<\/p>\n\n\n\n<figure class=\"wp-block-gallery columns-1 is-cropped wp-block-gallery-1 is-layout-flex wp-block-gallery-is-layout-flex\"><ul class=\"blocks-gallery-grid\"><li class=\"blocks-gallery-item\"><figure><img loading=\"lazy\" decoding=\"async\" width=\"679\" height=\"452\" src=\"http:\/\/blogdorogeriogomes.com.br\/wp-content\/uploads\/2020\/01\/images-2020-01-15T052529.487.jpeg\" alt=\"\" data-id=\"15315\" data-full-url=\"http:\/\/blogdorogeriogomes.com.br\/wp-content\/uploads\/2020\/01\/images-2020-01-15T052529.487.jpeg\" data-link=\"http:\/\/blogdorogeriogomes.com.br\/?attachment_id=15315\" class=\"wp-image-15315\" srcset=\"https:\/\/blogdorogeriogomes.com.br\/noticias\/wp-content\/uploads\/2020\/01\/images-2020-01-15T052529.487.jpeg 679w, https:\/\/blogdorogeriogomes.com.br\/noticias\/wp-content\/uploads\/2020\/01\/images-2020-01-15T052529.487-300x200.jpeg 300w\" sizes=\"auto, (max-width: 679px) 100vw, 679px\" \/><\/figure><\/li><\/ul><\/figure>\n","protected":false},"excerpt":{"rendered":"<p>Um grupo de estudantes e professores subiu no palco da Concha Ac\u00fastica da UFC, nesta ter\u00e7a-feira, dia 14 de janeiro, com faixas de &#8220;fora interventor&#8221; para protestar contra o reitor da Universidade Federal do Cear\u00e1, C\u00e2ndido Albuquerque. A manifesta\u00e7\u00e3o contra o reitor aconteceu durante a cola\u00e7\u00e3o de grau dos concludentes de 2019.2. Parte da comunidade universit\u00e1ria n\u00e3o reconhece a nomea\u00e7\u00e3o de C\u00e2ndido Albuquerque, em agosto do ano passado, por ele ter sido o candidato com o menor n\u00famero de&hellip;<\/p>\n","protected":false},"author":1,"featured_media":15315,"comment_status":"open","ping_status":"open","sticky":false,"template":"","format":"standard","meta":{"footnotes":""},"categories":[1],"tags":[],"class_list":["post-15314","post","type-post","status-publish","format-standard","has-post-thumbnail","hentry","category-noticias"],"_links":{"self":[{"href":"https:\/\/blogdorogeriogomes.com.br\/noticias\/wp-json\/wp\/v2\/posts\/15314","targetHints":{"allow":["GET"]}}],"collection":[{"href":"https:\/\/blogdorogeriogomes.com.br\/noticias\/wp-json\/wp\/v2\/posts"}],"about":[{"href":"https:\/\/blogdorogeriogomes.com.br\/noticias\/wp-json\/wp\/v2\/types\/post"}],"author":[{"embeddable":true,"href":"https:\/\/blogdorogeriogomes.com.br\/noticias\/wp-json\/wp\/v2\/users\/1"}],"replies":[{"embeddable":true,"href":"https:\/\/blogdorogeriogomes.com.br\/noticias\/wp-json\/wp\/v2\/comments?post=15314"}],"version-history":[{"count":1,"href":"https:\/\/blogdorogeriogomes.com.br\/noticias\/wp-json\/wp\/v2\/posts\/15314\/revisions"}],"predecessor-version":[{"id":15316,"href":"https:\/\/blogdorogeriogomes.com.br\/noticias\/wp-json\/wp\/v2\/posts\/15314\/revisions\/15316"}],"wp:featuredmedia":[{"embeddable":true,"href":"https:\/\/blogdorogeriogomes.com.br\/noticias\/wp-json\/wp\/v2\/media\/15315"}],"wp:attachment":[{"href":"https:\/\/blogdorogeriogomes.com.br\/noticias\/wp-json\/wp\/v2\/media?parent=15314"}],"wp:term":[{"taxonomy":"category","embeddable":true,"href":"https:\/\/blogdorogeriogomes.com.br\/noticias\/wp-json\/wp\/v2\/categories?post=15314"},{"taxonomy":"post_tag","embeddable":true,"href":"https:\/\/blogdorogeriogomes.com.br\/noticias\/wp-json\/wp\/v2\/tags?post=15314"}],"curies":[{"name":"wp","href":"https:\/\/api.w.org\/{rel}","templated":true}]}}