{"id":15317,"date":"2020-01-15T19:43:34","date_gmt":"2020-01-15T19:43:34","guid":{"rendered":"http:\/\/blogdorogeriogomes.com.br\/?p=15317"},"modified":"2020-01-18T11:34:40","modified_gmt":"2020-01-18T11:34:40","slug":"chuvas-mantem-boa-intensidade-esta-semana-no-ceara-durante-periodo-da-pre-estacao","status":"publish","type":"post","link":"https:\/\/blogdorogeriogomes.com.br\/noticias\/2020\/01\/chuvas-mantem-boa-intensidade-esta-semana-no-ceara-durante-periodo-da-pre-estacao\/","title":{"rendered":"Chuvas mant\u00eam boa intensidade esta semana no Cear\u00e1 durante per\u00edodo da pr\u00e9 esta\u00e7\u00e3o"},"content":{"rendered":"\n<p>As chuvas que caem no Cear\u00e1, por causa do per\u00edodo de pr\u00e9 esta\u00e7\u00e3o, mant\u00eam uma boa intensidade nesta semana, segundo a Funceme. Foram pelo menos 100 munic\u00edpios banhados nas \u00faltimas 24 horas, com destaque para Granja, com 99 mil\u00edmetros.<br> Para esta quinta-feira, dia 16 de janeiro, a previs\u00e3o \u00e9 de nebulosidade vari\u00e1vel em todas as regi\u00f5es com possibilidade de chuva na faixa litor\u00e2nea, no Maci\u00e7o de Baturit\u00e9 e Regi\u00e3o do Cariri. Na sexta-feira, dia 17, o progn\u00f3stico \u00e9 de predom\u00ednio de nebulosidade vari\u00e1vel em todas as regi\u00f5es com eventos de chuva na faixa litor\u00e2nea, no Maci\u00e7o de Baturit\u00e9, na Ibiapaba e no Sert\u00e3o Central. No Sul do Estado e Regi\u00e3o Jaguaribana, h\u00e1 possibilidade de chuva.<br>De acordo com o presidente da Funceme, Eduardo S\u00e1vio Martins, o progn\u00f3stico da quadra chuvosa (fevereiro a maio) ser\u00e1 divulgado no dia 21 de janeiro.<\/p>\n\n\n\n<figure class=\"wp-block-gallery columns-1 is-cropped wp-block-gallery-1 is-layout-flex wp-block-gallery-is-layout-flex\"><ul class=\"blocks-gallery-grid\"><li class=\"blocks-gallery-item\"><figure><img loading=\"lazy\" decoding=\"async\" width=\"640\" height=\"480\" src=\"http:\/\/blogdorogeriogomes.com.br\/wp-content\/uploads\/2020\/01\/images-2020-01-15T162820.223.jpeg\" alt=\"\" data-id=\"15318\" data-full-url=\"http:\/\/blogdorogeriogomes.com.br\/wp-content\/uploads\/2020\/01\/images-2020-01-15T162820.223.jpeg\" data-link=\"http:\/\/blogdorogeriogomes.com.br\/?attachment_id=15318\" class=\"wp-image-15318\" srcset=\"https:\/\/blogdorogeriogomes.com.br\/noticias\/wp-content\/uploads\/2020\/01\/images-2020-01-15T162820.223.jpeg 640w, https:\/\/blogdorogeriogomes.com.br\/noticias\/wp-content\/uploads\/2020\/01\/images-2020-01-15T162820.223-300x225.jpeg 300w, https:\/\/blogdorogeriogomes.com.br\/noticias\/wp-content\/uploads\/2020\/01\/images-2020-01-15T162820.223-400x300.jpeg 400w\" sizes=\"auto, (max-width: 640px) 100vw, 640px\" \/><\/figure><\/li><\/ul><\/figure>\n","protected":false},"excerpt":{"rendered":"<p>As chuvas que caem no Cear\u00e1, por causa do per\u00edodo de pr\u00e9 esta\u00e7\u00e3o, mant\u00eam uma boa intensidade nesta semana, segundo a Funceme. Foram pelo menos 100 munic\u00edpios banhados nas \u00faltimas 24 horas, com destaque para Granja, com 99 mil\u00edmetros. Para esta quinta-feira, dia 16 de janeiro, a previs\u00e3o \u00e9 de nebulosidade vari\u00e1vel em todas as regi\u00f5es com possibilidade de chuva na faixa litor\u00e2nea, no Maci\u00e7o de Baturit\u00e9 e Regi\u00e3o do Cariri. Na sexta-feira, dia 17, o progn\u00f3stico \u00e9 de&hellip;<\/p>\n","protected":false},"author":1,"featured_media":15318,"comment_status":"open","ping_status":"open","sticky":false,"template":"","format":"standard","meta":{"footnotes":""},"categories":[1],"tags":[],"class_list":["post-15317","post","type-post","status-publish","format-standard","has-post-thumbnail","hentry","category-noticias"],"_links":{"self":[{"href":"https:\/\/blogdorogeriogomes.com.br\/noticias\/wp-json\/wp\/v2\/posts\/15317","targetHints":{"allow":["GET"]}}],"collection":[{"href":"https:\/\/blogdorogeriogomes.com.br\/noticias\/wp-json\/wp\/v2\/posts"}],"about":[{"href":"https:\/\/blogdorogeriogomes.com.br\/noticias\/wp-json\/wp\/v2\/types\/post"}],"author":[{"embeddable":true,"href":"https:\/\/blogdorogeriogomes.com.br\/noticias\/wp-json\/wp\/v2\/users\/1"}],"replies":[{"embeddable":true,"href":"https:\/\/blogdorogeriogomes.com.br\/noticias\/wp-json\/wp\/v2\/comments?post=15317"}],"version-history":[{"count":1,"href":"https:\/\/blogdorogeriogomes.com.br\/noticias\/wp-json\/wp\/v2\/posts\/15317\/revisions"}],"predecessor-version":[{"id":15319,"href":"https:\/\/blogdorogeriogomes.com.br\/noticias\/wp-json\/wp\/v2\/posts\/15317\/revisions\/15319"}],"wp:featuredmedia":[{"embeddable":true,"href":"https:\/\/blogdorogeriogomes.com.br\/noticias\/wp-json\/wp\/v2\/media\/15318"}],"wp:attachment":[{"href":"https:\/\/blogdorogeriogomes.com.br\/noticias\/wp-json\/wp\/v2\/media?parent=15317"}],"wp:term":[{"taxonomy":"category","embeddable":true,"href":"https:\/\/blogdorogeriogomes.com.br\/noticias\/wp-json\/wp\/v2\/categories?post=15317"},{"taxonomy":"post_tag","embeddable":true,"href":"https:\/\/blogdorogeriogomes.com.br\/noticias\/wp-json\/wp\/v2\/tags?post=15317"}],"curies":[{"name":"wp","href":"https:\/\/api.w.org\/{rel}","templated":true}]}}