{"id":15320,"date":"2020-01-15T20:15:06","date_gmt":"2020-01-15T20:15:06","guid":{"rendered":"http:\/\/blogdorogeriogomes.com.br\/?p=15320"},"modified":"2020-01-18T11:34:25","modified_gmt":"2020-01-18T11:34:25","slug":"avaliacao-das-notas-de-alunos-da-rede-publica-estadual-em-portugues-e-matematica-melhora-em-2019","status":"publish","type":"post","link":"https:\/\/blogdorogeriogomes.com.br\/noticias\/2020\/01\/avaliacao-das-notas-de-alunos-da-rede-publica-estadual-em-portugues-e-matematica-melhora-em-2019\/","title":{"rendered":"Avalia\u00e7\u00e3o das notas de alunos da rede p\u00fablica estadual em Portugu\u00eas e Matem\u00e1tica melhora em 2019"},"content":{"rendered":"\n<p>O governador Camilo Santana apresentou, nesta quarta-feira, dia 15 de janeiro, os resultados de 2019 relativos ao Ensino M\u00e9dio, fornecidos pelo Sistema Permanente de Avalia\u00e7\u00e3o da Educa\u00e7\u00e3o B\u00e1sica, o Spaece. Houve melhoria nos \u00edndices de Portugu\u00eas e Matem\u00e1tica.<br>\nAs informa\u00e7\u00f5es coletadas a cada avalia\u00e7\u00e3o identificam o n\u00edvel a evolu\u00e7\u00e3o do desempenho dos alunos. No ano passado, a nota em Portugu\u00eas subiu para 278,2 contra 271,6 de 2018. Em Matem\u00e1tica, os estudantes cearenses evolu\u00edram para o \u00edndice 274,3 em 2019 contra 272,5 de 2018.<br>\nA Avalia\u00e7\u00e3o do Ensino M\u00e9dio, realizada anualmente de forma censit\u00e1ria, envolve todas as escolas da Rede Estadual de ensino e seus anexos, localizadas nos 184 munic\u00edpios cearenses. A partir dos n\u00fameros divulgados, a Secretaria de Educa\u00e7\u00e3o do Estado tra\u00e7a o planejamento para a melhoria do aprendizado nas escolas.<br>\nO governador Camilo Santana comemorou a evolu\u00e7\u00e3o dos alunos na L\u00edngua Portuguesa e em Matem\u00e1tica, mas considera ainda um desafio para melhorar o aprendizado. Ele considera que o caminho \u00e9 investir na capacita\u00e7\u00e3o dos professores e no incentivo aos alunos.<\/p>\n\n\n\n<figure class=\"wp-block-gallery columns-1 is-cropped wp-block-gallery-1 is-layout-flex wp-block-gallery-is-layout-flex\"><ul class=\"blocks-gallery-grid\"><li class=\"blocks-gallery-item\"><figure><img loading=\"lazy\" decoding=\"async\" width=\"1024\" height=\"684\" src=\"http:\/\/blogdorogeriogomes.com.br\/wp-content\/uploads\/2020\/01\/CGM2646-1200x802-1-1024x684.jpg\" alt=\"\" data-id=\"15322\" data-full-url=\"http:\/\/blogdorogeriogomes.com.br\/wp-content\/uploads\/2020\/01\/CGM2646-1200x802-1.jpg\" data-link=\"http:\/\/blogdorogeriogomes.com.br\/?attachment_id=15322\" class=\"wp-image-15322\" srcset=\"https:\/\/blogdorogeriogomes.com.br\/noticias\/wp-content\/uploads\/2020\/01\/CGM2646-1200x802-1-1024x684.jpg 1024w, https:\/\/blogdorogeriogomes.com.br\/noticias\/wp-content\/uploads\/2020\/01\/CGM2646-1200x802-1-300x201.jpg 300w, https:\/\/blogdorogeriogomes.com.br\/noticias\/wp-content\/uploads\/2020\/01\/CGM2646-1200x802-1-768x513.jpg 768w, https:\/\/blogdorogeriogomes.com.br\/noticias\/wp-content\/uploads\/2020\/01\/CGM2646-1200x802-1-800x535.jpg 800w, https:\/\/blogdorogeriogomes.com.br\/noticias\/wp-content\/uploads\/2020\/01\/CGM2646-1200x802-1.jpg 1200w\" sizes=\"auto, (max-width: 1024px) 100vw, 1024px\" \/><\/figure><\/li><\/ul><\/figure>\n","protected":false},"excerpt":{"rendered":"<p>O governador Camilo Santana apresentou, nesta quarta-feira, dia 15 de janeiro, os resultados de 2019 relativos ao Ensino M\u00e9dio, fornecidos pelo Sistema Permanente de Avalia\u00e7\u00e3o da Educa\u00e7\u00e3o B\u00e1sica, o Spaece. Houve melhoria nos \u00edndices de Portugu\u00eas e Matem\u00e1tica. As informa\u00e7\u00f5es coletadas a cada avalia\u00e7\u00e3o identificam o n\u00edvel a evolu\u00e7\u00e3o do desempenho dos alunos. No ano passado, a nota em Portugu\u00eas subiu para 278,2 contra 271,6 de 2018. Em Matem\u00e1tica, os estudantes cearenses evolu\u00edram para o \u00edndice 274,3 em 2019&hellip;<\/p>\n","protected":false},"author":1,"featured_media":15322,"comment_status":"open","ping_status":"open","sticky":false,"template":"","format":"standard","meta":{"footnotes":""},"categories":[1],"tags":[],"class_list":["post-15320","post","type-post","status-publish","format-standard","has-post-thumbnail","hentry","category-noticias"],"_links":{"self":[{"href":"https:\/\/blogdorogeriogomes.com.br\/noticias\/wp-json\/wp\/v2\/posts\/15320","targetHints":{"allow":["GET"]}}],"collection":[{"href":"https:\/\/blogdorogeriogomes.com.br\/noticias\/wp-json\/wp\/v2\/posts"}],"about":[{"href":"https:\/\/blogdorogeriogomes.com.br\/noticias\/wp-json\/wp\/v2\/types\/post"}],"author":[{"embeddable":true,"href":"https:\/\/blogdorogeriogomes.com.br\/noticias\/wp-json\/wp\/v2\/users\/1"}],"replies":[{"embeddable":true,"href":"https:\/\/blogdorogeriogomes.com.br\/noticias\/wp-json\/wp\/v2\/comments?post=15320"}],"version-history":[{"count":1,"href":"https:\/\/blogdorogeriogomes.com.br\/noticias\/wp-json\/wp\/v2\/posts\/15320\/revisions"}],"predecessor-version":[{"id":15323,"href":"https:\/\/blogdorogeriogomes.com.br\/noticias\/wp-json\/wp\/v2\/posts\/15320\/revisions\/15323"}],"wp:featuredmedia":[{"embeddable":true,"href":"https:\/\/blogdorogeriogomes.com.br\/noticias\/wp-json\/wp\/v2\/media\/15322"}],"wp:attachment":[{"href":"https:\/\/blogdorogeriogomes.com.br\/noticias\/wp-json\/wp\/v2\/media?parent=15320"}],"wp:term":[{"taxonomy":"category","embeddable":true,"href":"https:\/\/blogdorogeriogomes.com.br\/noticias\/wp-json\/wp\/v2\/categories?post=15320"},{"taxonomy":"post_tag","embeddable":true,"href":"https:\/\/blogdorogeriogomes.com.br\/noticias\/wp-json\/wp\/v2\/tags?post=15320"}],"curies":[{"name":"wp","href":"https:\/\/api.w.org\/{rel}","templated":true}]}}