{"id":15327,"date":"2020-01-16T08:49:15","date_gmt":"2020-01-16T08:49:15","guid":{"rendered":"http:\/\/blogdorogeriogomes.com.br\/?p=15327"},"modified":"2020-01-18T11:31:41","modified_gmt":"2020-01-18T11:31:41","slug":"secretaria-de-administracao-penitenciaria-nega-que-advogada-presa-estivesse-gravida","status":"publish","type":"post","link":"https:\/\/blogdorogeriogomes.com.br\/noticias\/2020\/01\/secretaria-de-administracao-penitenciaria-nega-que-advogada-presa-estivesse-gravida\/","title":{"rendered":"Secretaria de Administra\u00e7\u00e3o Penitenci\u00e1ria nega que advogada presa estivesse gr\u00e1vida"},"content":{"rendered":"\n<p>Repercute nas redes sociais o caso envolvendo a advogada Elis\u00e2ngela Maria Moror\u00f3 (foto), 46 anos, que est\u00e1 presa no Instituto Penal Feminino Auri Moura Costa, desde novembro passado, sob a acusa\u00e7\u00e3o de envolvimento com fac\u00e7\u00f5es criminosas e tr\u00e1fico de drogas. Em 2 de janeiro, ela foi agredida por outra detenta. A partir de ent\u00e3o, a Ordem dos Advogados do Brasil \u2013 sec\u00e7\u00e3o Cear\u00e1 entrou com um pedido de pris\u00e3o domiciliar para a advogada, alegando que ela tinha perdido um beb\u00ea ap\u00f3s o espancamento.<br>\nO fato novo agora \u00e9 que a Secretaria de Administra\u00e7\u00e3o Penitenci\u00e1ria (SAP) afirmou, nesta quarta-feira, dia 15 de janeiro, que a advogada que est\u00e1 detida no Auri Moura Costa passou por exames e mentiu sobre a gesta\u00e7\u00e3o. Para completar, a detenta,  acusada da agress\u00e3o, mudou o depoimento na Pol\u00edcia e disse que o caso de agress\u00e3o foi uma arma\u00e7\u00e3o. A advogada teria pedido para ser agredida, a fim de conseguir a pris\u00e3o domiciliar.<\/p>\n\n\n\n<figure class=\"wp-block-gallery columns-1 is-cropped wp-block-gallery-1 is-layout-flex wp-block-gallery-is-layout-flex\"><ul class=\"blocks-gallery-grid\"><li class=\"blocks-gallery-item\"><figure><img loading=\"lazy\" decoding=\"async\" width=\"870\" height=\"495\" src=\"http:\/\/blogdorogeriogomes.com.br\/wp-content\/uploads\/2020\/01\/yttuty.jpeg\" alt=\"\" data-id=\"15328\" data-full-url=\"http:\/\/blogdorogeriogomes.com.br\/wp-content\/uploads\/2020\/01\/yttuty.jpeg\" data-link=\"http:\/\/blogdorogeriogomes.com.br\/?attachment_id=15328\" class=\"wp-image-15328\" srcset=\"https:\/\/blogdorogeriogomes.com.br\/noticias\/wp-content\/uploads\/2020\/01\/yttuty.jpeg 870w, https:\/\/blogdorogeriogomes.com.br\/noticias\/wp-content\/uploads\/2020\/01\/yttuty-300x171.jpeg 300w, https:\/\/blogdorogeriogomes.com.br\/noticias\/wp-content\/uploads\/2020\/01\/yttuty-768x437.jpeg 768w, https:\/\/blogdorogeriogomes.com.br\/noticias\/wp-content\/uploads\/2020\/01\/yttuty-800x455.jpeg 800w\" sizes=\"auto, (max-width: 870px) 100vw, 870px\" \/><\/figure><\/li><\/ul><\/figure>\n","protected":false},"excerpt":{"rendered":"<p>Repercute nas redes sociais o caso envolvendo a advogada Elis\u00e2ngela Maria Moror\u00f3 (foto), 46 anos, que est\u00e1 presa no Instituto Penal Feminino Auri Moura Costa, desde novembro passado, sob a acusa\u00e7\u00e3o de envolvimento com fac\u00e7\u00f5es criminosas e tr\u00e1fico de drogas. Em 2 de janeiro, ela foi agredida por outra detenta. A partir de ent\u00e3o, a Ordem dos Advogados do Brasil \u2013 sec\u00e7\u00e3o Cear\u00e1 entrou com um pedido de pris\u00e3o domiciliar para a advogada, alegando que ela tinha perdido um&hellip;<\/p>\n","protected":false},"author":1,"featured_media":15328,"comment_status":"open","ping_status":"open","sticky":false,"template":"","format":"standard","meta":{"footnotes":""},"categories":[1],"tags":[],"class_list":["post-15327","post","type-post","status-publish","format-standard","has-post-thumbnail","hentry","category-noticias"],"_links":{"self":[{"href":"https:\/\/blogdorogeriogomes.com.br\/noticias\/wp-json\/wp\/v2\/posts\/15327","targetHints":{"allow":["GET"]}}],"collection":[{"href":"https:\/\/blogdorogeriogomes.com.br\/noticias\/wp-json\/wp\/v2\/posts"}],"about":[{"href":"https:\/\/blogdorogeriogomes.com.br\/noticias\/wp-json\/wp\/v2\/types\/post"}],"author":[{"embeddable":true,"href":"https:\/\/blogdorogeriogomes.com.br\/noticias\/wp-json\/wp\/v2\/users\/1"}],"replies":[{"embeddable":true,"href":"https:\/\/blogdorogeriogomes.com.br\/noticias\/wp-json\/wp\/v2\/comments?post=15327"}],"version-history":[{"count":1,"href":"https:\/\/blogdorogeriogomes.com.br\/noticias\/wp-json\/wp\/v2\/posts\/15327\/revisions"}],"predecessor-version":[{"id":15329,"href":"https:\/\/blogdorogeriogomes.com.br\/noticias\/wp-json\/wp\/v2\/posts\/15327\/revisions\/15329"}],"wp:featuredmedia":[{"embeddable":true,"href":"https:\/\/blogdorogeriogomes.com.br\/noticias\/wp-json\/wp\/v2\/media\/15328"}],"wp:attachment":[{"href":"https:\/\/blogdorogeriogomes.com.br\/noticias\/wp-json\/wp\/v2\/media?parent=15327"}],"wp:term":[{"taxonomy":"category","embeddable":true,"href":"https:\/\/blogdorogeriogomes.com.br\/noticias\/wp-json\/wp\/v2\/categories?post=15327"},{"taxonomy":"post_tag","embeddable":true,"href":"https:\/\/blogdorogeriogomes.com.br\/noticias\/wp-json\/wp\/v2\/tags?post=15327"}],"curies":[{"name":"wp","href":"https:\/\/api.w.org\/{rel}","templated":true}]}}