{"id":15330,"date":"2020-01-16T21:01:56","date_gmt":"2020-01-16T21:01:56","guid":{"rendered":"http:\/\/blogdorogeriogomes.com.br\/?p=15330"},"modified":"2020-01-18T11:30:59","modified_gmt":"2020-01-18T11:30:59","slug":"edital-de-concessao-dos-espigoes-da-beira-mar-de-fortaleza-deve-ser-lancado-nesta-sexta-feira","status":"publish","type":"post","link":"https:\/\/blogdorogeriogomes.com.br\/noticias\/2020\/01\/edital-de-concessao-dos-espigoes-da-beira-mar-de-fortaleza-deve-ser-lancado-nesta-sexta-feira\/","title":{"rendered":"Edital de concess\u00e3o dos espig\u00f5es da Beira-Mar de Fortaleza deve ser lan\u00e7ado nesta sexta-feira"},"content":{"rendered":"\n<p>A Prefeitura de Fortaleza segue com o projeto de repassar para a iniciativa privada os espig\u00f5es das avenidas Rui Barbosa e Desembargador Moreira, pr\u00f3ximo ao N\u00e1utico. Nesta sexta-feira, dia 17 de janeiro, o edital de concess\u00e3o dos espig\u00f5es deve ser lan\u00e7ado pela Coordenadoria de Fomento \u00e0 Parceria P\u00fablico Privada e Concess\u00f5es do Munic\u00edpio.<br>\nA ideia \u00e9 que os espig\u00f5es sejam ampliados em tr\u00eas metros para cada lado, totalizando uma \u00e1rea de 3 mil metros, que estar\u00e1 dispon\u00edvel para loca\u00e7\u00e3o, com foco em bares e restaurantes.<br>\nO edital prev\u00ea a concess\u00e3o dos espig\u00f5es por 18 anos para a iniciativa privada e \u00e9 estimado em R$ 15 milh\u00f5es, que ser\u00e3o empregados na obra, mais R$ 20 mil mensais de outorga pagos \u00e0 Prefeitura. O resultado do edital deve sair ainda na primeira quinzena de mar\u00e7o.<\/p>\n\n\n\n<figure class=\"wp-block-gallery columns-1 is-cropped wp-block-gallery-1 is-layout-flex wp-block-gallery-is-layout-flex\"><ul class=\"blocks-gallery-grid\"><li class=\"blocks-gallery-item\"><figure><img loading=\"lazy\" decoding=\"async\" width=\"678\" height=\"452\" src=\"http:\/\/blogdorogeriogomes.com.br\/wp-content\/uploads\/2020\/01\/images-2020-01-16T174120.942.jpeg\" alt=\"\" data-id=\"15331\" data-full-url=\"http:\/\/blogdorogeriogomes.com.br\/wp-content\/uploads\/2020\/01\/images-2020-01-16T174120.942.jpeg\" data-link=\"http:\/\/blogdorogeriogomes.com.br\/?attachment_id=15331\" class=\"wp-image-15331\" srcset=\"https:\/\/blogdorogeriogomes.com.br\/noticias\/wp-content\/uploads\/2020\/01\/images-2020-01-16T174120.942.jpeg 678w, https:\/\/blogdorogeriogomes.com.br\/noticias\/wp-content\/uploads\/2020\/01\/images-2020-01-16T174120.942-300x200.jpeg 300w\" sizes=\"auto, (max-width: 678px) 100vw, 678px\" \/><\/figure><\/li><\/ul><\/figure>\n","protected":false},"excerpt":{"rendered":"<p>A Prefeitura de Fortaleza segue com o projeto de repassar para a iniciativa privada os espig\u00f5es das avenidas Rui Barbosa e Desembargador Moreira, pr\u00f3ximo ao N\u00e1utico. Nesta sexta-feira, dia 17 de janeiro, o edital de concess\u00e3o dos espig\u00f5es deve ser lan\u00e7ado pela Coordenadoria de Fomento \u00e0 Parceria P\u00fablico Privada e Concess\u00f5es do Munic\u00edpio. A ideia \u00e9 que os espig\u00f5es sejam ampliados em tr\u00eas metros para cada lado, totalizando uma \u00e1rea de 3 mil metros, que estar\u00e1 dispon\u00edvel para loca\u00e7\u00e3o,&hellip;<\/p>\n","protected":false},"author":1,"featured_media":15331,"comment_status":"open","ping_status":"open","sticky":false,"template":"","format":"standard","meta":{"footnotes":""},"categories":[1],"tags":[],"class_list":["post-15330","post","type-post","status-publish","format-standard","has-post-thumbnail","hentry","category-noticias"],"_links":{"self":[{"href":"https:\/\/blogdorogeriogomes.com.br\/noticias\/wp-json\/wp\/v2\/posts\/15330","targetHints":{"allow":["GET"]}}],"collection":[{"href":"https:\/\/blogdorogeriogomes.com.br\/noticias\/wp-json\/wp\/v2\/posts"}],"about":[{"href":"https:\/\/blogdorogeriogomes.com.br\/noticias\/wp-json\/wp\/v2\/types\/post"}],"author":[{"embeddable":true,"href":"https:\/\/blogdorogeriogomes.com.br\/noticias\/wp-json\/wp\/v2\/users\/1"}],"replies":[{"embeddable":true,"href":"https:\/\/blogdorogeriogomes.com.br\/noticias\/wp-json\/wp\/v2\/comments?post=15330"}],"version-history":[{"count":1,"href":"https:\/\/blogdorogeriogomes.com.br\/noticias\/wp-json\/wp\/v2\/posts\/15330\/revisions"}],"predecessor-version":[{"id":15332,"href":"https:\/\/blogdorogeriogomes.com.br\/noticias\/wp-json\/wp\/v2\/posts\/15330\/revisions\/15332"}],"wp:featuredmedia":[{"embeddable":true,"href":"https:\/\/blogdorogeriogomes.com.br\/noticias\/wp-json\/wp\/v2\/media\/15331"}],"wp:attachment":[{"href":"https:\/\/blogdorogeriogomes.com.br\/noticias\/wp-json\/wp\/v2\/media?parent=15330"}],"wp:term":[{"taxonomy":"category","embeddable":true,"href":"https:\/\/blogdorogeriogomes.com.br\/noticias\/wp-json\/wp\/v2\/categories?post=15330"},{"taxonomy":"post_tag","embeddable":true,"href":"https:\/\/blogdorogeriogomes.com.br\/noticias\/wp-json\/wp\/v2\/tags?post=15330"}],"curies":[{"name":"wp","href":"https:\/\/api.w.org\/{rel}","templated":true}]}}