{"id":15337,"date":"2020-01-17T08:19:14","date_gmt":"2020-01-17T08:19:14","guid":{"rendered":"http:\/\/blogdorogeriogomes.com.br\/?p=15337"},"modified":"2020-01-18T11:29:42","modified_gmt":"2020-01-18T11:29:42","slug":"amc-realiza-primeiro-leilao-do-ano-com-veiculos-apreendidos-em-fortaleza-ha-mais-de-60-dias","status":"publish","type":"post","link":"https:\/\/blogdorogeriogomes.com.br\/noticias\/2020\/01\/amc-realiza-primeiro-leilao-do-ano-com-veiculos-apreendidos-em-fortaleza-ha-mais-de-60-dias\/","title":{"rendered":"AMC realiza primeiro leil\u00e3o do ano com ve\u00edculos apreendidos em Fortaleza h\u00e1 mais de 60 dias"},"content":{"rendered":"\n<p>Motoristas que t\u00eam ve\u00edculos apreendidos pela Autarquia Municipal de Tr\u00e2nsito de Fortaleza podem ficar no preju\u00edzo se passarem mais de 60 dias sem resgatar o autom\u00f3vel ou motocicleta. Isto porque, o ve\u00edculo pode ir a leil\u00e3o.<br> Nesta sexta-feira, dia 17 de janeiro, a AMC realiza o primeiro leil\u00e3o de ve\u00edculos deste ano. Ser\u00e3o disponibilizados 711 lotes, entre carros e motocicletas. Estar\u00e3o \u00e0 disposi\u00e7\u00e3o, os autom\u00f3veis e motocicletas apreendidos h\u00e1 mais de 60 dias e n\u00e3o reclamados pelos propriet\u00e1rios. <br>Podem participar da concorr\u00eancia pessoas f\u00edsicas maiores de idade ou emancipadas portando documento de identidade, CPF e comprovante de endere\u00e7o.<\/p>\n\n\n\n<figure class=\"wp-block-gallery columns-1 is-cropped wp-block-gallery-1 is-layout-flex wp-block-gallery-is-layout-flex\"><ul class=\"blocks-gallery-grid\"><li class=\"blocks-gallery-item\"><figure><img loading=\"lazy\" decoding=\"async\" width=\"933\" height=\"547\" src=\"http:\/\/blogdorogeriogomes.com.br\/wp-content\/uploads\/2020\/01\/reboque-amc.jpg\" alt=\"\" data-id=\"15338\" data-full-url=\"http:\/\/blogdorogeriogomes.com.br\/wp-content\/uploads\/2020\/01\/reboque-amc.jpg\" data-link=\"http:\/\/blogdorogeriogomes.com.br\/?attachment_id=15338\" class=\"wp-image-15338\" srcset=\"https:\/\/blogdorogeriogomes.com.br\/noticias\/wp-content\/uploads\/2020\/01\/reboque-amc.jpg 933w, https:\/\/blogdorogeriogomes.com.br\/noticias\/wp-content\/uploads\/2020\/01\/reboque-amc-300x176.jpg 300w, https:\/\/blogdorogeriogomes.com.br\/noticias\/wp-content\/uploads\/2020\/01\/reboque-amc-768x450.jpg 768w, https:\/\/blogdorogeriogomes.com.br\/noticias\/wp-content\/uploads\/2020\/01\/reboque-amc-800x469.jpg 800w\" sizes=\"auto, (max-width: 933px) 100vw, 933px\" \/><\/figure><\/li><\/ul><\/figure>\n","protected":false},"excerpt":{"rendered":"<p>Motoristas que t\u00eam ve\u00edculos apreendidos pela Autarquia Municipal de Tr\u00e2nsito de Fortaleza podem ficar no preju\u00edzo se passarem mais de 60 dias sem resgatar o autom\u00f3vel ou motocicleta. Isto porque, o ve\u00edculo pode ir a leil\u00e3o. Nesta sexta-feira, dia 17 de janeiro, a AMC realiza o primeiro leil\u00e3o de ve\u00edculos deste ano. Ser\u00e3o disponibilizados 711 lotes, entre carros e motocicletas. Estar\u00e3o \u00e0 disposi\u00e7\u00e3o, os autom\u00f3veis e motocicletas apreendidos h\u00e1 mais de 60 dias e n\u00e3o reclamados pelos propriet\u00e1rios. Podem&hellip;<\/p>\n","protected":false},"author":1,"featured_media":15338,"comment_status":"open","ping_status":"open","sticky":false,"template":"","format":"standard","meta":{"footnotes":""},"categories":[1],"tags":[],"class_list":["post-15337","post","type-post","status-publish","format-standard","has-post-thumbnail","hentry","category-noticias"],"_links":{"self":[{"href":"https:\/\/blogdorogeriogomes.com.br\/noticias\/wp-json\/wp\/v2\/posts\/15337","targetHints":{"allow":["GET"]}}],"collection":[{"href":"https:\/\/blogdorogeriogomes.com.br\/noticias\/wp-json\/wp\/v2\/posts"}],"about":[{"href":"https:\/\/blogdorogeriogomes.com.br\/noticias\/wp-json\/wp\/v2\/types\/post"}],"author":[{"embeddable":true,"href":"https:\/\/blogdorogeriogomes.com.br\/noticias\/wp-json\/wp\/v2\/users\/1"}],"replies":[{"embeddable":true,"href":"https:\/\/blogdorogeriogomes.com.br\/noticias\/wp-json\/wp\/v2\/comments?post=15337"}],"version-history":[{"count":1,"href":"https:\/\/blogdorogeriogomes.com.br\/noticias\/wp-json\/wp\/v2\/posts\/15337\/revisions"}],"predecessor-version":[{"id":15339,"href":"https:\/\/blogdorogeriogomes.com.br\/noticias\/wp-json\/wp\/v2\/posts\/15337\/revisions\/15339"}],"wp:featuredmedia":[{"embeddable":true,"href":"https:\/\/blogdorogeriogomes.com.br\/noticias\/wp-json\/wp\/v2\/media\/15338"}],"wp:attachment":[{"href":"https:\/\/blogdorogeriogomes.com.br\/noticias\/wp-json\/wp\/v2\/media?parent=15337"}],"wp:term":[{"taxonomy":"category","embeddable":true,"href":"https:\/\/blogdorogeriogomes.com.br\/noticias\/wp-json\/wp\/v2\/categories?post=15337"},{"taxonomy":"post_tag","embeddable":true,"href":"https:\/\/blogdorogeriogomes.com.br\/noticias\/wp-json\/wp\/v2\/tags?post=15337"}],"curies":[{"name":"wp","href":"https:\/\/api.w.org\/{rel}","templated":true}]}}