{"id":15343,"date":"2020-01-17T22:18:34","date_gmt":"2020-01-17T22:18:34","guid":{"rendered":"http:\/\/blogdorogeriogomes.com.br\/?p=15343"},"modified":"2020-01-18T11:28:50","modified_gmt":"2020-01-18T11:28:50","slug":"ceara-ganha-mais-duas-escolas-da-policia-militar-em-maracanau-e-sobral","status":"publish","type":"post","link":"https:\/\/blogdorogeriogomes.com.br\/noticias\/2020\/01\/ceara-ganha-mais-duas-escolas-da-policia-militar-em-maracanau-e-sobral\/","title":{"rendered":"Cear\u00e1 ganha mais duas escolas da Pol\u00edcia Militar em Maracana\u00fa e Sobral"},"content":{"rendered":"\n<p>A partir de 2020, o Cear\u00e1 ter\u00e1 dois novos col\u00e9gios da Pol\u00edcia Militar. O 3\u00ba Col\u00e9gio Tenente M\u00e1rio Lima, em Maracana\u00fa; e o 4\u00ba Col\u00e9gio Ministro Jarbas Passarinho, em Sobral, que eram escolas estaduais de ensino m\u00e9dio em regime regular, passam a ser dirigidas por policiais militares. <br>\nDe acordo com o coordenador geral dos col\u00e9gios, coronel Francisco Kennedy Pimentel, todos os alunos j\u00e1 matriculados nas institui\u00e7\u00f5es ter\u00e3o vaga garantida. J\u00e1 os novatos ser\u00e3o admitidos por meio de edital de concurso p\u00fablico, a ser divulgado at\u00e9 a pr\u00f3xima segunda-feira, dia 21 de janeiro. Ser\u00e3o ofertadas 280 vagas em Maracana\u00fa e 820 vagas em Sobral.<br>\nAs duas novas escolas militares v\u00e3o manter a mesma proposta pedag\u00f3gica das escolas estaduais militares j\u00e1 existentes: o Col\u00e9gio da Pol\u00edcia Militar do Cear\u00e1 General Edgard Fac\u00f3, em Fortaleza, com 1.799 alunos, e na cidade de Juazeiro do Norte, o Col\u00e9gio da Pol\u00edcia Militar Coronel Hervano Mac\u00eado Junior, com 1421 alunos. Al\u00e9m dessas duas da PM, h\u00e1 ainda o Col\u00e9gio Militar do Corpo de Bombeiros do Cear\u00e1.<\/p>\n\n\n\n<figure class=\"wp-block-gallery columns-1 is-cropped wp-block-gallery-1 is-layout-flex wp-block-gallery-is-layout-flex\"><ul class=\"blocks-gallery-grid\"><li class=\"blocks-gallery-item\"><figure><img loading=\"lazy\" decoding=\"async\" width=\"501\" height=\"300\" src=\"http:\/\/blogdorogeriogomes.com.br\/wp-content\/uploads\/2020\/01\/images-2020-01-17T184655.690.jpeg\" alt=\"\" data-id=\"15344\" data-full-url=\"http:\/\/blogdorogeriogomes.com.br\/wp-content\/uploads\/2020\/01\/images-2020-01-17T184655.690.jpeg\" data-link=\"http:\/\/blogdorogeriogomes.com.br\/?attachment_id=15344\" class=\"wp-image-15344\" srcset=\"https:\/\/blogdorogeriogomes.com.br\/noticias\/wp-content\/uploads\/2020\/01\/images-2020-01-17T184655.690.jpeg 501w, https:\/\/blogdorogeriogomes.com.br\/noticias\/wp-content\/uploads\/2020\/01\/images-2020-01-17T184655.690-300x180.jpeg 300w\" sizes=\"auto, (max-width: 501px) 100vw, 501px\" \/><\/figure><\/li><\/ul><\/figure>\n","protected":false},"excerpt":{"rendered":"<p>A partir de 2020, o Cear\u00e1 ter\u00e1 dois novos col\u00e9gios da Pol\u00edcia Militar. O 3\u00ba Col\u00e9gio Tenente M\u00e1rio Lima, em Maracana\u00fa; e o 4\u00ba Col\u00e9gio Ministro Jarbas Passarinho, em Sobral, que eram escolas estaduais de ensino m\u00e9dio em regime regular, passam a ser dirigidas por policiais militares. De acordo com o coordenador geral dos col\u00e9gios, coronel Francisco Kennedy Pimentel, todos os alunos j\u00e1 matriculados nas institui\u00e7\u00f5es ter\u00e3o vaga garantida. J\u00e1 os novatos ser\u00e3o admitidos por meio de edital de&hellip;<\/p>\n","protected":false},"author":1,"featured_media":15344,"comment_status":"open","ping_status":"open","sticky":false,"template":"","format":"standard","meta":{"footnotes":""},"categories":[1],"tags":[],"class_list":["post-15343","post","type-post","status-publish","format-standard","has-post-thumbnail","hentry","category-noticias"],"_links":{"self":[{"href":"https:\/\/blogdorogeriogomes.com.br\/noticias\/wp-json\/wp\/v2\/posts\/15343","targetHints":{"allow":["GET"]}}],"collection":[{"href":"https:\/\/blogdorogeriogomes.com.br\/noticias\/wp-json\/wp\/v2\/posts"}],"about":[{"href":"https:\/\/blogdorogeriogomes.com.br\/noticias\/wp-json\/wp\/v2\/types\/post"}],"author":[{"embeddable":true,"href":"https:\/\/blogdorogeriogomes.com.br\/noticias\/wp-json\/wp\/v2\/users\/1"}],"replies":[{"embeddable":true,"href":"https:\/\/blogdorogeriogomes.com.br\/noticias\/wp-json\/wp\/v2\/comments?post=15343"}],"version-history":[{"count":1,"href":"https:\/\/blogdorogeriogomes.com.br\/noticias\/wp-json\/wp\/v2\/posts\/15343\/revisions"}],"predecessor-version":[{"id":15345,"href":"https:\/\/blogdorogeriogomes.com.br\/noticias\/wp-json\/wp\/v2\/posts\/15343\/revisions\/15345"}],"wp:featuredmedia":[{"embeddable":true,"href":"https:\/\/blogdorogeriogomes.com.br\/noticias\/wp-json\/wp\/v2\/media\/15344"}],"wp:attachment":[{"href":"https:\/\/blogdorogeriogomes.com.br\/noticias\/wp-json\/wp\/v2\/media?parent=15343"}],"wp:term":[{"taxonomy":"category","embeddable":true,"href":"https:\/\/blogdorogeriogomes.com.br\/noticias\/wp-json\/wp\/v2\/categories?post=15343"},{"taxonomy":"post_tag","embeddable":true,"href":"https:\/\/blogdorogeriogomes.com.br\/noticias\/wp-json\/wp\/v2\/tags?post=15343"}],"curies":[{"name":"wp","href":"https:\/\/api.w.org\/{rel}","templated":true}]}}