{"id":15349,"date":"2020-01-18T09:45:33","date_gmt":"2020-01-18T09:45:33","guid":{"rendered":"http:\/\/blogdorogeriogomes.com.br\/?p=15349"},"modified":"2020-01-18T11:27:48","modified_gmt":"2020-01-18T11:27:48","slug":"reforma-do-gramado-da-arena-castelao-deve-ficar-pronta-para-o-primeiro-classico-rei-de-2020","status":"publish","type":"post","link":"https:\/\/blogdorogeriogomes.com.br\/noticias\/2020\/01\/reforma-do-gramado-da-arena-castelao-deve-ficar-pronta-para-o-primeiro-classico-rei-de-2020\/","title":{"rendered":"Reforma do gramado da Arena Castel\u00e3o deve ficar pronta para o primeiro Cl\u00e1ssico-Rei de 2020"},"content":{"rendered":"\n<p>O gramado da Arena Castel\u00e3o, que foi palco dos jogos de Cear\u00e1 e Fortaleza no Brasileir\u00e3o 2019, est\u00e1 sendo todo reformado. De acordo com o secret\u00e1rio de Esporte e Juventude do Estado, Rog\u00e9rio Pinheiro, a previs\u00e3o \u00e9 que o gramado da arena seja reinaugurado no dia 1\u00b0 de fevereiro, com o primeiro Cl\u00e1ssico-Rei do ano entre Cear\u00e1 e Fortaleza. <br>\n\u201cAinda teremos 56 mil lugares com a reposi\u00e7\u00e3o de cadeiras que Cear\u00e1 e Fortaleza est\u00e3o realizando. Como sempre, teremos um gramado de boa qualidade. A Sejuv entende que o est\u00e1dio \u00e9 um espa\u00e7o exclusivo para os atletas profissionais, por isso n\u00e3o recebemos nenhum jogo fora do calend\u00e1rio oficial. S\u00e3o dois times na S\u00e9rie A e o Ferrovi\u00e1rio na S\u00e9rie C\u201d, completou o secret\u00e1rio, em entrevista ao Di\u00e1rio do Nordeste.<br>\nOutra meta este ano \u00e9 viabilizar a vinda de um jogo das Eliminat\u00f3rias de 2022 para a Arena Castel\u00e3o. \u201cA gente vem conversando com gestores e desde j\u00e1 estamos tentando. Temos algumas quest\u00f5es limitadoras, como as cadeiras, mas estamos resolvendo isso e o objetivo \u00e9 trazer pelo menos um jogo da Sele\u00e7\u00e3o Brasileira nessa competi\u00e7\u00e3o\u201d, afirmou Rog\u00e9rio Pinheiro.<\/p>\n\n\n\n<figure class=\"wp-block-gallery columns-1 is-cropped wp-block-gallery-1 is-layout-flex wp-block-gallery-is-layout-flex\"><ul class=\"blocks-gallery-grid\"><li class=\"blocks-gallery-item\"><figure><img loading=\"lazy\" decoding=\"async\" width=\"984\" height=\"577\" src=\"http:\/\/blogdorogeriogomes.com.br\/wp-content\/uploads\/2020\/01\/whatsapp-image-2019-12-30-at-12.04.20.jpeg\" alt=\"\" data-id=\"15350\" data-full-url=\"http:\/\/blogdorogeriogomes.com.br\/wp-content\/uploads\/2020\/01\/whatsapp-image-2019-12-30-at-12.04.20.jpeg\" data-link=\"http:\/\/blogdorogeriogomes.com.br\/?attachment_id=15350\" class=\"wp-image-15350\" srcset=\"https:\/\/blogdorogeriogomes.com.br\/noticias\/wp-content\/uploads\/2020\/01\/whatsapp-image-2019-12-30-at-12.04.20.jpeg 984w, https:\/\/blogdorogeriogomes.com.br\/noticias\/wp-content\/uploads\/2020\/01\/whatsapp-image-2019-12-30-at-12.04.20-300x176.jpeg 300w, https:\/\/blogdorogeriogomes.com.br\/noticias\/wp-content\/uploads\/2020\/01\/whatsapp-image-2019-12-30-at-12.04.20-768x450.jpeg 768w, https:\/\/blogdorogeriogomes.com.br\/noticias\/wp-content\/uploads\/2020\/01\/whatsapp-image-2019-12-30-at-12.04.20-800x469.jpeg 800w\" sizes=\"auto, (max-width: 984px) 100vw, 984px\" \/><\/figure><\/li><\/ul><\/figure>\n","protected":false},"excerpt":{"rendered":"<p>O gramado da Arena Castel\u00e3o, que foi palco dos jogos de Cear\u00e1 e Fortaleza no Brasileir\u00e3o 2019, est\u00e1 sendo todo reformado. De acordo com o secret\u00e1rio de Esporte e Juventude do Estado, Rog\u00e9rio Pinheiro, a previs\u00e3o \u00e9 que o gramado da arena seja reinaugurado no dia 1\u00b0 de fevereiro, com o primeiro Cl\u00e1ssico-Rei do ano entre Cear\u00e1 e Fortaleza. \u201cAinda teremos 56 mil lugares com a reposi\u00e7\u00e3o de cadeiras que Cear\u00e1 e Fortaleza est\u00e3o realizando. Como sempre, teremos um&hellip;<\/p>\n","protected":false},"author":1,"featured_media":15350,"comment_status":"open","ping_status":"open","sticky":false,"template":"","format":"standard","meta":{"footnotes":""},"categories":[1],"tags":[],"class_list":["post-15349","post","type-post","status-publish","format-standard","has-post-thumbnail","hentry","category-noticias"],"_links":{"self":[{"href":"https:\/\/blogdorogeriogomes.com.br\/noticias\/wp-json\/wp\/v2\/posts\/15349","targetHints":{"allow":["GET"]}}],"collection":[{"href":"https:\/\/blogdorogeriogomes.com.br\/noticias\/wp-json\/wp\/v2\/posts"}],"about":[{"href":"https:\/\/blogdorogeriogomes.com.br\/noticias\/wp-json\/wp\/v2\/types\/post"}],"author":[{"embeddable":true,"href":"https:\/\/blogdorogeriogomes.com.br\/noticias\/wp-json\/wp\/v2\/users\/1"}],"replies":[{"embeddable":true,"href":"https:\/\/blogdorogeriogomes.com.br\/noticias\/wp-json\/wp\/v2\/comments?post=15349"}],"version-history":[{"count":1,"href":"https:\/\/blogdorogeriogomes.com.br\/noticias\/wp-json\/wp\/v2\/posts\/15349\/revisions"}],"predecessor-version":[{"id":15351,"href":"https:\/\/blogdorogeriogomes.com.br\/noticias\/wp-json\/wp\/v2\/posts\/15349\/revisions\/15351"}],"wp:featuredmedia":[{"embeddable":true,"href":"https:\/\/blogdorogeriogomes.com.br\/noticias\/wp-json\/wp\/v2\/media\/15350"}],"wp:attachment":[{"href":"https:\/\/blogdorogeriogomes.com.br\/noticias\/wp-json\/wp\/v2\/media?parent=15349"}],"wp:term":[{"taxonomy":"category","embeddable":true,"href":"https:\/\/blogdorogeriogomes.com.br\/noticias\/wp-json\/wp\/v2\/categories?post=15349"},{"taxonomy":"post_tag","embeddable":true,"href":"https:\/\/blogdorogeriogomes.com.br\/noticias\/wp-json\/wp\/v2\/tags?post=15349"}],"curies":[{"name":"wp","href":"https:\/\/api.w.org\/{rel}","templated":true}]}}