{"id":15352,"date":"2020-01-18T10:07:59","date_gmt":"2020-01-18T10:07:59","guid":{"rendered":"http:\/\/blogdorogeriogomes.com.br\/?p=15352"},"modified":"2020-01-18T11:27:12","modified_gmt":"2020-01-18T11:27:12","slug":"programacao-do-pre-carnaval-de-fortaleza-sera-apresentada-na-proxima-terca-feira","status":"publish","type":"post","link":"https:\/\/blogdorogeriogomes.com.br\/noticias\/2020\/01\/programacao-do-pre-carnaval-de-fortaleza-sera-apresentada-na-proxima-terca-feira\/","title":{"rendered":"Programa\u00e7\u00e3o do Pr\u00e9-Carnaval de Fortaleza ser\u00e1 apresentada na pr\u00f3xima ter\u00e7a-feira"},"content":{"rendered":"\n<p>A programa\u00e7\u00e3o do Pr\u00e9-Carnaval de Fortaleza 2020 est\u00e1 pronta e ser\u00e1 detalhada pela Secretaria Municipal da Cultura de Fortaleza (Secultfor), nesta ter\u00e7a-feira, dia 21 de janeiro. O calend\u00e1rio oficial reserva festas de sexta-feira, dia 24 de janeiro, at\u00e9 o dia 16 de fevereiro.<br>\nA programa\u00e7\u00e3o pr\u00e9-carnavalesca na Capital vai contar com festas nos p\u00f3los oficiais: Aterrinho da Praia de Iracema, Benfica, Pra\u00e7a do Ferreira, Mercado dos Pinh\u00f5es, Mocinha, Pra\u00e7a Cristo Redentor,  Largo dos Trememb\u00e9s, Pra\u00e7a Figueira de Melo, Horto Florestal Municipal Falconete Fialho, Mercado S\u00e3o Sebasti\u00e3o, Polo dos Queijos e Mercado da Aerol\u00e2ndia. A Prefeitura ainda apoia outros projetos, por meio do Edital de Apoio ao Blocos de Rua do Ciclo Carnavalesco 2020, em varios bairros.<br>\nO Ciclo Carnavalesco 2020 ter\u00e1 como tema este ano \u201cFortaleza em Cantos e Cores de Chico\u201d, em homenagem ao artista Chico da Silva pela sua import\u00e2ncia na hist\u00f3ria das artes pl\u00e1sticas em Fortaleza.<\/p>\n\n\n\n<figure class=\"wp-block-gallery columns-1 is-cropped wp-block-gallery-1 is-layout-flex wp-block-gallery-is-layout-flex\"><ul class=\"blocks-gallery-grid\"><li class=\"blocks-gallery-item\"><figure><img loading=\"lazy\" decoding=\"async\" width=\"766\" height=\"400\" src=\"http:\/\/blogdorogeriogomes.com.br\/wp-content\/uploads\/2020\/01\/images-2020-01-18T065615.338.jpeg\" alt=\"\" data-id=\"15353\" data-full-url=\"http:\/\/blogdorogeriogomes.com.br\/wp-content\/uploads\/2020\/01\/images-2020-01-18T065615.338.jpeg\" data-link=\"http:\/\/blogdorogeriogomes.com.br\/?attachment_id=15353\" class=\"wp-image-15353\" srcset=\"https:\/\/blogdorogeriogomes.com.br\/noticias\/wp-content\/uploads\/2020\/01\/images-2020-01-18T065615.338.jpeg 766w, https:\/\/blogdorogeriogomes.com.br\/noticias\/wp-content\/uploads\/2020\/01\/images-2020-01-18T065615.338-300x157.jpeg 300w\" sizes=\"auto, (max-width: 766px) 100vw, 766px\" \/><\/figure><\/li><\/ul><\/figure>\n","protected":false},"excerpt":{"rendered":"<p>A programa\u00e7\u00e3o do Pr\u00e9-Carnaval de Fortaleza 2020 est\u00e1 pronta e ser\u00e1 detalhada pela Secretaria Municipal da Cultura de Fortaleza (Secultfor), nesta ter\u00e7a-feira, dia 21 de janeiro. O calend\u00e1rio oficial reserva festas de sexta-feira, dia 24 de janeiro, at\u00e9 o dia 16 de fevereiro. A programa\u00e7\u00e3o pr\u00e9-carnavalesca na Capital vai contar com festas nos p\u00f3los oficiais: Aterrinho da Praia de Iracema, Benfica, Pra\u00e7a do Ferreira, Mercado dos Pinh\u00f5es, Mocinha, Pra\u00e7a Cristo Redentor, Largo dos Trememb\u00e9s, Pra\u00e7a Figueira de Melo, Horto&hellip;<\/p>\n","protected":false},"author":1,"featured_media":15353,"comment_status":"open","ping_status":"open","sticky":false,"template":"","format":"standard","meta":{"footnotes":""},"categories":[1],"tags":[],"class_list":["post-15352","post","type-post","status-publish","format-standard","has-post-thumbnail","hentry","category-noticias"],"_links":{"self":[{"href":"https:\/\/blogdorogeriogomes.com.br\/noticias\/wp-json\/wp\/v2\/posts\/15352","targetHints":{"allow":["GET"]}}],"collection":[{"href":"https:\/\/blogdorogeriogomes.com.br\/noticias\/wp-json\/wp\/v2\/posts"}],"about":[{"href":"https:\/\/blogdorogeriogomes.com.br\/noticias\/wp-json\/wp\/v2\/types\/post"}],"author":[{"embeddable":true,"href":"https:\/\/blogdorogeriogomes.com.br\/noticias\/wp-json\/wp\/v2\/users\/1"}],"replies":[{"embeddable":true,"href":"https:\/\/blogdorogeriogomes.com.br\/noticias\/wp-json\/wp\/v2\/comments?post=15352"}],"version-history":[{"count":1,"href":"https:\/\/blogdorogeriogomes.com.br\/noticias\/wp-json\/wp\/v2\/posts\/15352\/revisions"}],"predecessor-version":[{"id":15354,"href":"https:\/\/blogdorogeriogomes.com.br\/noticias\/wp-json\/wp\/v2\/posts\/15352\/revisions\/15354"}],"wp:featuredmedia":[{"embeddable":true,"href":"https:\/\/blogdorogeriogomes.com.br\/noticias\/wp-json\/wp\/v2\/media\/15353"}],"wp:attachment":[{"href":"https:\/\/blogdorogeriogomes.com.br\/noticias\/wp-json\/wp\/v2\/media?parent=15352"}],"wp:term":[{"taxonomy":"category","embeddable":true,"href":"https:\/\/blogdorogeriogomes.com.br\/noticias\/wp-json\/wp\/v2\/categories?post=15352"},{"taxonomy":"post_tag","embeddable":true,"href":"https:\/\/blogdorogeriogomes.com.br\/noticias\/wp-json\/wp\/v2\/tags?post=15352"}],"curies":[{"name":"wp","href":"https:\/\/api.w.org\/{rel}","templated":true}]}}