{"id":15358,"date":"2020-01-20T08:37:18","date_gmt":"2020-01-20T08:37:18","guid":{"rendered":"http:\/\/blogdorogeriogomes.com.br\/?p=15358"},"modified":"2020-01-20T10:27:01","modified_gmt":"2020-01-20T10:27:01","slug":"erros-nas-notas-do-enem-podem-se-estender-para-a-primeiro-dia-de-prova","status":"publish","type":"post","link":"https:\/\/blogdorogeriogomes.com.br\/noticias\/2020\/01\/erros-nas-notas-do-enem-podem-se-estender-para-a-primeiro-dia-de-prova\/","title":{"rendered":"Erros nas notas do Enem podem se estender para a primeiro dia de prova"},"content":{"rendered":"\n<p>Os erros nas notas do Enem deixam o ministro da Educa\u00e7\u00e3o, Abraham Weintraub, em situa\u00e7\u00e3o complicada. Neste domingo, dia 19 de janeiro, o Governo Bolsonaro reconheceu que as provas do primeiro dia tamb\u00e9m t\u00eam erros. Ou seja, n\u00e3o s\u00e3o apenas as notas das provas do segundo dia do Enem que foram corrigidas incorretamente. Assim, o pr\u00f3prio Minist\u00e9rio j\u00e1 n\u00e3o sabe mais quantos estudantes podem ter sido prejudicados.<br>\nO ministro da Educa\u00e7\u00e3o, Abraham Weintraub, manteve a data de abertura das inscri\u00e7\u00f5es do Sisu (Sistema de Sele\u00e7\u00e3o Unificada), prevista para a ter\u00e7a-feira, dia 21 de janeiro. Apesar do erro, o governo corre para evitar um estrago maior, inclusive politicamente.<\/p>\n\n\n\n<figure class=\"wp-block-gallery columns-1 is-cropped wp-block-gallery-1 is-layout-flex wp-block-gallery-is-layout-flex\"><ul class=\"blocks-gallery-grid\"><li class=\"blocks-gallery-item\"><figure><img loading=\"lazy\" decoding=\"async\" width=\"1024\" height=\"683\" src=\"http:\/\/blogdorogeriogomes.com.br\/wp-content\/uploads\/2020\/01\/15793812855e237225abfa9_1579381285_3x2_lg.jpg\" alt=\"\" data-id=\"15359\" data-full-url=\"http:\/\/blogdorogeriogomes.com.br\/wp-content\/uploads\/2020\/01\/15793812855e237225abfa9_1579381285_3x2_lg.jpg\" data-link=\"http:\/\/blogdorogeriogomes.com.br\/?attachment_id=15359\" class=\"wp-image-15359\" srcset=\"https:\/\/blogdorogeriogomes.com.br\/noticias\/wp-content\/uploads\/2020\/01\/15793812855e237225abfa9_1579381285_3x2_lg.jpg 1024w, https:\/\/blogdorogeriogomes.com.br\/noticias\/wp-content\/uploads\/2020\/01\/15793812855e237225abfa9_1579381285_3x2_lg-300x200.jpg 300w, https:\/\/blogdorogeriogomes.com.br\/noticias\/wp-content\/uploads\/2020\/01\/15793812855e237225abfa9_1579381285_3x2_lg-768x512.jpg 768w, https:\/\/blogdorogeriogomes.com.br\/noticias\/wp-content\/uploads\/2020\/01\/15793812855e237225abfa9_1579381285_3x2_lg-800x534.jpg 800w\" sizes=\"auto, (max-width: 1024px) 100vw, 1024px\" \/><\/figure><\/li><\/ul><\/figure>\n","protected":false},"excerpt":{"rendered":"<p>Os erros nas notas do Enem deixam o ministro da Educa\u00e7\u00e3o, Abraham Weintraub, em situa\u00e7\u00e3o complicada. Neste domingo, dia 19 de janeiro, o Governo Bolsonaro reconheceu que as provas do primeiro dia tamb\u00e9m t\u00eam erros. Ou seja, n\u00e3o s\u00e3o apenas as notas das provas do segundo dia do Enem que foram corrigidas incorretamente. Assim, o pr\u00f3prio Minist\u00e9rio j\u00e1 n\u00e3o sabe mais quantos estudantes podem ter sido prejudicados. O ministro da Educa\u00e7\u00e3o, Abraham Weintraub, manteve a data de abertura das&hellip;<\/p>\n","protected":false},"author":1,"featured_media":15359,"comment_status":"open","ping_status":"open","sticky":false,"template":"","format":"standard","meta":{"footnotes":""},"categories":[1],"tags":[],"class_list":["post-15358","post","type-post","status-publish","format-standard","has-post-thumbnail","hentry","category-noticias"],"_links":{"self":[{"href":"https:\/\/blogdorogeriogomes.com.br\/noticias\/wp-json\/wp\/v2\/posts\/15358","targetHints":{"allow":["GET"]}}],"collection":[{"href":"https:\/\/blogdorogeriogomes.com.br\/noticias\/wp-json\/wp\/v2\/posts"}],"about":[{"href":"https:\/\/blogdorogeriogomes.com.br\/noticias\/wp-json\/wp\/v2\/types\/post"}],"author":[{"embeddable":true,"href":"https:\/\/blogdorogeriogomes.com.br\/noticias\/wp-json\/wp\/v2\/users\/1"}],"replies":[{"embeddable":true,"href":"https:\/\/blogdorogeriogomes.com.br\/noticias\/wp-json\/wp\/v2\/comments?post=15358"}],"version-history":[{"count":1,"href":"https:\/\/blogdorogeriogomes.com.br\/noticias\/wp-json\/wp\/v2\/posts\/15358\/revisions"}],"predecessor-version":[{"id":15360,"href":"https:\/\/blogdorogeriogomes.com.br\/noticias\/wp-json\/wp\/v2\/posts\/15358\/revisions\/15360"}],"wp:featuredmedia":[{"embeddable":true,"href":"https:\/\/blogdorogeriogomes.com.br\/noticias\/wp-json\/wp\/v2\/media\/15359"}],"wp:attachment":[{"href":"https:\/\/blogdorogeriogomes.com.br\/noticias\/wp-json\/wp\/v2\/media?parent=15358"}],"wp:term":[{"taxonomy":"category","embeddable":true,"href":"https:\/\/blogdorogeriogomes.com.br\/noticias\/wp-json\/wp\/v2\/categories?post=15358"},{"taxonomy":"post_tag","embeddable":true,"href":"https:\/\/blogdorogeriogomes.com.br\/noticias\/wp-json\/wp\/v2\/tags?post=15358"}],"curies":[{"name":"wp","href":"https:\/\/api.w.org\/{rel}","templated":true}]}}