{"id":15361,"date":"2020-01-20T20:29:40","date_gmt":"2020-01-20T20:29:40","guid":{"rendered":"http:\/\/blogdorogeriogomes.com.br\/?p=15361"},"modified":"2020-01-21T14:36:05","modified_gmt":"2020-01-21T14:36:05","slug":"camilo-santana-tira-10-dias-de-ferias-e-izolda-cela-assume-governo-do-estado","status":"publish","type":"post","link":"https:\/\/blogdorogeriogomes.com.br\/noticias\/2020\/01\/camilo-santana-tira-10-dias-de-ferias-e-izolda-cela-assume-governo-do-estado\/","title":{"rendered":"Camilo Santana tira 10 dias de f\u00e9rias e Izolda Cela assume Governo do Estado"},"content":{"rendered":"\n<p>O governador do Cear\u00e1, Camilo Santana, tirou 10 dias de f\u00e9rias para viajar com a fam\u00edlia. Assim, a vice Izolda Cela assumiu o comando do Governo do Estado nesta segunda-feira, dia 20 de janeiro. Izolda Cela ficar\u00e1 \u00e0 frente do Pal\u00e1cio da Aboli\u00e7\u00e3o at\u00e9 o dia 30 de janeiro.<br>\nNo retorno das curtas f\u00e9rias, Camilo Santana deve dar in\u00edcio \u00e0s conversa\u00e7\u00f5es em torno da sucess\u00e3o municipal, principalmente, em Fortaleza, onde parte do PT da Capital defende uma candidatura pr\u00f3pria nas elei\u00e7\u00f5es deste ano. A ex-prefeita Luizianne Lins j\u00e1 se apresenta como pr\u00e9-candidata. O vereador Guilherme Sampaio tamb\u00e9m \u00e9 um nome cotado.<br>\nAliado do prefeito Roberto Cl\u00e1udio (PDT), Camilo Santana ainda defende um di\u00e1logo com o grupo pedetista que tem \u00e0 frente os irm\u00e3os Cid e Ciro Gomes.<br>\nH\u00e1 quem diga que \u00e9 dif\u00edcil costurar um acordo. Por\u00e9m, Camilo \u00e9 o atual governador. Por este fato, tem poder pol\u00edtico dentro do PT. \u00c9 aguardar para conferir.<\/p>\n\n\n\n<figure class=\"wp-block-gallery columns-1 is-cropped wp-block-gallery-1 is-layout-flex wp-block-gallery-is-layout-flex\"><ul class=\"blocks-gallery-grid\"><li class=\"blocks-gallery-item\"><figure><img loading=\"lazy\" decoding=\"async\" width=\"800\" height=\"400\" src=\"http:\/\/blogdorogeriogomes.com.br\/wp-content\/uploads\/2020\/01\/normal_20181108090039_6301_capa.jpg\" alt=\"\" data-id=\"15362\" data-full-url=\"http:\/\/blogdorogeriogomes.com.br\/wp-content\/uploads\/2020\/01\/normal_20181108090039_6301_capa.jpg\" data-link=\"http:\/\/blogdorogeriogomes.com.br\/?attachment_id=15362\" class=\"wp-image-15362\" srcset=\"https:\/\/blogdorogeriogomes.com.br\/noticias\/wp-content\/uploads\/2020\/01\/normal_20181108090039_6301_capa.jpg 800w, https:\/\/blogdorogeriogomes.com.br\/noticias\/wp-content\/uploads\/2020\/01\/normal_20181108090039_6301_capa-300x150.jpg 300w, https:\/\/blogdorogeriogomes.com.br\/noticias\/wp-content\/uploads\/2020\/01\/normal_20181108090039_6301_capa-768x384.jpg 768w\" sizes=\"auto, (max-width: 800px) 100vw, 800px\" \/><\/figure><\/li><\/ul><\/figure>\n","protected":false},"excerpt":{"rendered":"<p>O governador do Cear\u00e1, Camilo Santana, tirou 10 dias de f\u00e9rias para viajar com a fam\u00edlia. Assim, a vice Izolda Cela assumiu o comando do Governo do Estado nesta segunda-feira, dia 20 de janeiro. Izolda Cela ficar\u00e1 \u00e0 frente do Pal\u00e1cio da Aboli\u00e7\u00e3o at\u00e9 o dia 30 de janeiro. No retorno das curtas f\u00e9rias, Camilo Santana deve dar in\u00edcio \u00e0s conversa\u00e7\u00f5es em torno da sucess\u00e3o municipal, principalmente, em Fortaleza, onde parte do PT da Capital defende uma candidatura pr\u00f3pria&hellip;<\/p>\n","protected":false},"author":1,"featured_media":15362,"comment_status":"open","ping_status":"open","sticky":false,"template":"","format":"standard","meta":{"footnotes":""},"categories":[1],"tags":[],"class_list":["post-15361","post","type-post","status-publish","format-standard","has-post-thumbnail","hentry","category-noticias"],"_links":{"self":[{"href":"https:\/\/blogdorogeriogomes.com.br\/noticias\/wp-json\/wp\/v2\/posts\/15361","targetHints":{"allow":["GET"]}}],"collection":[{"href":"https:\/\/blogdorogeriogomes.com.br\/noticias\/wp-json\/wp\/v2\/posts"}],"about":[{"href":"https:\/\/blogdorogeriogomes.com.br\/noticias\/wp-json\/wp\/v2\/types\/post"}],"author":[{"embeddable":true,"href":"https:\/\/blogdorogeriogomes.com.br\/noticias\/wp-json\/wp\/v2\/users\/1"}],"replies":[{"embeddable":true,"href":"https:\/\/blogdorogeriogomes.com.br\/noticias\/wp-json\/wp\/v2\/comments?post=15361"}],"version-history":[{"count":1,"href":"https:\/\/blogdorogeriogomes.com.br\/noticias\/wp-json\/wp\/v2\/posts\/15361\/revisions"}],"predecessor-version":[{"id":15363,"href":"https:\/\/blogdorogeriogomes.com.br\/noticias\/wp-json\/wp\/v2\/posts\/15361\/revisions\/15363"}],"wp:featuredmedia":[{"embeddable":true,"href":"https:\/\/blogdorogeriogomes.com.br\/noticias\/wp-json\/wp\/v2\/media\/15362"}],"wp:attachment":[{"href":"https:\/\/blogdorogeriogomes.com.br\/noticias\/wp-json\/wp\/v2\/media?parent=15361"}],"wp:term":[{"taxonomy":"category","embeddable":true,"href":"https:\/\/blogdorogeriogomes.com.br\/noticias\/wp-json\/wp\/v2\/categories?post=15361"},{"taxonomy":"post_tag","embeddable":true,"href":"https:\/\/blogdorogeriogomes.com.br\/noticias\/wp-json\/wp\/v2\/tags?post=15361"}],"curies":[{"name":"wp","href":"https:\/\/api.w.org\/{rel}","templated":true}]}}