{"id":15364,"date":"2020-01-20T21:15:21","date_gmt":"2020-01-20T21:15:21","guid":{"rendered":"http:\/\/blogdorogeriogomes.com.br\/?p=15364"},"modified":"2020-01-21T14:35:10","modified_gmt":"2020-01-21T14:35:10","slug":"tese-de-crime-politico-contra-ex-prefeito-de-granjeiro-fica-mais-forte-diz-andre-costa","status":"publish","type":"post","link":"https:\/\/blogdorogeriogomes.com.br\/noticias\/2020\/01\/tese-de-crime-politico-contra-ex-prefeito-de-granjeiro-fica-mais-forte-diz-andre-costa\/","title":{"rendered":"Tese de crime pol\u00edtico contra ex-prefeito de Granjeiro fica mais forte, diz Andr\u00e9 Costa"},"content":{"rendered":"\n<p>O secret\u00e1rio de Seguran\u00e7a P\u00fablica e Defesa Social, Andr\u00e9 Costa (foto), considera que a tese de crime pol\u00edtico no caso do assassinato do ex-prefeito de Granjeiro, Jo\u00e3o Greg\u00f3rio Neto, o Jo\u00e3o do Povo, em 24 de dezembro do ano passado, \u00e9 cada vez mais forte. A Pol\u00edcia conseguiu apreender o ve\u00edculo que teria sido utilizado pelos executores do ex-prefeito de Granjeiro, na Regi\u00e3o do Cariri.<br>\nSegundo a investiga\u00e7\u00e3o, o carro modelo Volkswagen Polo, da cor cinza, que apareceu nas imagens de uma c\u00e2mera de seguran\u00e7a, foi localizado em uma revendedora na cidade de Timon, no Maranh\u00e3o. O ve\u00edculo seria colocado \u00e0 venda. Na opera\u00e7\u00e3o da Pol\u00edcia, dois homens foram presos. Um deles, em Teresina, no Piau\u00ed, e outro no Maranh\u00e3o. Os dois seriam respons\u00e1veis pela venda e recepta\u00e7\u00e3o do carro.<br>\nA Pol\u00edcia Civil do Cear\u00e1 trabalha hoje com dois suspeitos de envolvimento na morte do ex-prefeito de Granjeiro, Jo\u00e3o do Povo. S\u00e3o eles: o atual prefeito do munic\u00edpio Ticiano Tom\u00e9, que era vice na \u00e9poca do crime, e o pai dele, Vicente Tom\u00e9, que est\u00e1 usando tornozeleira eletr\u00f4nica por determina\u00e7\u00e3o da Justi\u00e7a.<br>\nDurante o processo investigat\u00f3rio, a Pol\u00edcia Civil j\u00e1 realizou a apreens\u00e3o de material na casa do atual prefeito e do pai dele em Granjeiro. Tamb\u00e9m foi localizada no mesmo local uma caminhoneta S-10 que teria sido utilizada como ve\u00edculo de apoio no cometimento do crime. A Per\u00edcia Forense est\u00e1 em fase de exames de vest\u00edgios que podem ter sido deixados pelos criminosos.<\/p>\n\n\n\n<figure class=\"wp-block-gallery columns-1 is-cropped wp-block-gallery-1 is-layout-flex wp-block-gallery-is-layout-flex\"><ul class=\"blocks-gallery-grid\"><li class=\"blocks-gallery-item\"><figure><img loading=\"lazy\" decoding=\"async\" width=\"600\" height=\"401\" src=\"http:\/\/blogdorogeriogomes.com.br\/wp-content\/uploads\/2020\/01\/Coletiva-Granjeiro-2-600x401-1.jpg\" alt=\"\" data-id=\"15365\" data-full-url=\"http:\/\/blogdorogeriogomes.com.br\/wp-content\/uploads\/2020\/01\/Coletiva-Granjeiro-2-600x401-1.jpg\" data-link=\"http:\/\/blogdorogeriogomes.com.br\/?attachment_id=15365\" class=\"wp-image-15365\" srcset=\"https:\/\/blogdorogeriogomes.com.br\/noticias\/wp-content\/uploads\/2020\/01\/Coletiva-Granjeiro-2-600x401-1.jpg 600w, https:\/\/blogdorogeriogomes.com.br\/noticias\/wp-content\/uploads\/2020\/01\/Coletiva-Granjeiro-2-600x401-1-300x201.jpg 300w\" sizes=\"auto, (max-width: 600px) 100vw, 600px\" \/><\/figure><\/li><\/ul><\/figure>\n","protected":false},"excerpt":{"rendered":"<p>O secret\u00e1rio de Seguran\u00e7a P\u00fablica e Defesa Social, Andr\u00e9 Costa (foto), considera que a tese de crime pol\u00edtico no caso do assassinato do ex-prefeito de Granjeiro, Jo\u00e3o Greg\u00f3rio Neto, o Jo\u00e3o do Povo, em 24 de dezembro do ano passado, \u00e9 cada vez mais forte. A Pol\u00edcia conseguiu apreender o ve\u00edculo que teria sido utilizado pelos executores do ex-prefeito de Granjeiro, na Regi\u00e3o do Cariri. Segundo a investiga\u00e7\u00e3o, o carro modelo Volkswagen Polo, da cor cinza, que apareceu nas&hellip;<\/p>\n","protected":false},"author":1,"featured_media":15365,"comment_status":"open","ping_status":"open","sticky":false,"template":"","format":"standard","meta":{"footnotes":""},"categories":[1],"tags":[],"class_list":["post-15364","post","type-post","status-publish","format-standard","has-post-thumbnail","hentry","category-noticias"],"_links":{"self":[{"href":"https:\/\/blogdorogeriogomes.com.br\/noticias\/wp-json\/wp\/v2\/posts\/15364","targetHints":{"allow":["GET"]}}],"collection":[{"href":"https:\/\/blogdorogeriogomes.com.br\/noticias\/wp-json\/wp\/v2\/posts"}],"about":[{"href":"https:\/\/blogdorogeriogomes.com.br\/noticias\/wp-json\/wp\/v2\/types\/post"}],"author":[{"embeddable":true,"href":"https:\/\/blogdorogeriogomes.com.br\/noticias\/wp-json\/wp\/v2\/users\/1"}],"replies":[{"embeddable":true,"href":"https:\/\/blogdorogeriogomes.com.br\/noticias\/wp-json\/wp\/v2\/comments?post=15364"}],"version-history":[{"count":1,"href":"https:\/\/blogdorogeriogomes.com.br\/noticias\/wp-json\/wp\/v2\/posts\/15364\/revisions"}],"predecessor-version":[{"id":15366,"href":"https:\/\/blogdorogeriogomes.com.br\/noticias\/wp-json\/wp\/v2\/posts\/15364\/revisions\/15366"}],"wp:featuredmedia":[{"embeddable":true,"href":"https:\/\/blogdorogeriogomes.com.br\/noticias\/wp-json\/wp\/v2\/media\/15365"}],"wp:attachment":[{"href":"https:\/\/blogdorogeriogomes.com.br\/noticias\/wp-json\/wp\/v2\/media?parent=15364"}],"wp:term":[{"taxonomy":"category","embeddable":true,"href":"https:\/\/blogdorogeriogomes.com.br\/noticias\/wp-json\/wp\/v2\/categories?post=15364"},{"taxonomy":"post_tag","embeddable":true,"href":"https:\/\/blogdorogeriogomes.com.br\/noticias\/wp-json\/wp\/v2\/tags?post=15364"}],"curies":[{"name":"wp","href":"https:\/\/api.w.org\/{rel}","templated":true}]}}