{"id":15367,"date":"2020-01-21T09:18:37","date_gmt":"2020-01-21T09:18:37","guid":{"rendered":"http:\/\/blogdorogeriogomes.com.br\/?p=15367"},"modified":"2020-01-21T14:34:56","modified_gmt":"2020-01-21T14:34:56","slug":"sergio-moro-chama-vazamentos-da-operacao-lava-jato-de-bobageirada-no-roda-viva","status":"publish","type":"post","link":"https:\/\/blogdorogeriogomes.com.br\/noticias\/2020\/01\/sergio-moro-chama-vazamentos-da-operacao-lava-jato-de-bobageirada-no-roda-viva\/","title":{"rendered":"S\u00e9rgio Moro chama vazamentos da Opera\u00e7\u00e3o Lava Jato de &#8220;bobageirada&#8221; no Roda Viva"},"content":{"rendered":"\n<p>O ministro da Justi\u00e7a e Seguran\u00e7a P\u00fablica, Sergio Moro, que anda sumido da m\u00eddia, reapareceu nesta segunda-feira, dia 20 de janeiro, no Programa Roda Viva, da TV Cultura. Questionado sobre os vazamentos da Opera\u00e7\u00e3o Lava Jato divulgados pelo The Intercept Brasil em parceria com diversos ve\u00edculos da imprensa, Moro classificou tudo como &#8220;bobageirada&#8221;.<br>\n&#8220;Nunca dei muita import\u00e2ncia para aquilo. Acho que \u00e9 um monte de &#8216;bobageirada&#8217;. Foi usado politicamente para tentar soltar criminosos presos, pessoas que haviam sido condenadas por corrup\u00e7\u00e3o e principalmente enfraquecer politicamente o minist\u00e9rio&#8221;, disse o ministro.<br>\nSobre ter divulgado o telefonema entre os ex-presidentes Lula e Dilma Rousseff, em 2016 no \u00e2mbito da Opera\u00e7\u00e3o Lava Jato, Moro apontou durante entrevista ao programa que &#8220;se d\u00e1 uma import\u00e2ncia a esse \u00e1udio que n\u00e3o existe&#8221;. <br>\nO ministro do Supremo Tribunal Federal, Gilmar Mendes, afirmou em junho passado que houve manipula\u00e7\u00e3o e que os vazamentos de Moro &#8220;anularam a condena\u00e7\u00e3o&#8221; de Lula. Em resposta ao fato, o ministro da Justi\u00e7a disse para Gilmar Mendes assumir a pr\u00f3pria responsabilidade.<br>\nS\u00e9rgio Moro ainda defendeu o presidente Jair Bolsonaro ao ser indagado sobre um levantamento feito pela Federa\u00e7\u00e3o Nacional dos Jornalistas (Fenaj) de que o presidente foi respons\u00e1vel por 121 ataques contra profissionais e ve\u00edculos de imprensa em 2019. Moro afirmou que Bolsonaro &#8220;d\u00e1 ampla liberdade \u00e0 imprensa&#8221; e v\u00ea a postura do mandat\u00e1rio como uma rea\u00e7\u00e3o \u00e0s cr\u00edticas que recebe.<br>\nA apresentadora do Roda Viva, Vera Magalh\u00e3es, reagiu: &#8220;Tem [atitudes], sim, ministro. Ele j\u00e1 proibiu a &#8216;Folha de S. Paulo&#8217; em certames p\u00fablicos, o que foi vetado pelo Supremo Tribunal Federal (STF), pro\u00edbe rep\u00f3rteres de fazer perguntas. Enfim, n\u00e3o s\u00e3o s\u00f3 palavras, mas atitudes tamb\u00e9m\u201d.<\/p>\n\n\n\n<figure class=\"wp-block-gallery columns-1 is-cropped wp-block-gallery-1 is-layout-flex wp-block-gallery-is-layout-flex\"><ul class=\"blocks-gallery-grid\"><li class=\"blocks-gallery-item\"><figure><img loading=\"lazy\" decoding=\"async\" width=\"450\" height=\"253\" src=\"http:\/\/blogdorogeriogomes.com.br\/wp-content\/uploads\/2020\/01\/o-presidente-jair-bolsonaro-e-o-ministro-sergio-moro-justica-1579026403872_v2_450x253.jpg\" alt=\"\" data-id=\"15368\" data-full-url=\"http:\/\/blogdorogeriogomes.com.br\/wp-content\/uploads\/2020\/01\/o-presidente-jair-bolsonaro-e-o-ministro-sergio-moro-justica-1579026403872_v2_450x253.jpg\" data-link=\"http:\/\/blogdorogeriogomes.com.br\/?attachment_id=15368\" class=\"wp-image-15368\" srcset=\"https:\/\/blogdorogeriogomes.com.br\/noticias\/wp-content\/uploads\/2020\/01\/o-presidente-jair-bolsonaro-e-o-ministro-sergio-moro-justica-1579026403872_v2_450x253.jpg 450w, https:\/\/blogdorogeriogomes.com.br\/noticias\/wp-content\/uploads\/2020\/01\/o-presidente-jair-bolsonaro-e-o-ministro-sergio-moro-justica-1579026403872_v2_450x253-300x169.jpg 300w\" sizes=\"auto, (max-width: 450px) 100vw, 450px\" \/><\/figure><\/li><\/ul><\/figure>\n","protected":false},"excerpt":{"rendered":"<p>O ministro da Justi\u00e7a e Seguran\u00e7a P\u00fablica, Sergio Moro, que anda sumido da m\u00eddia, reapareceu nesta segunda-feira, dia 20 de janeiro, no Programa Roda Viva, da TV Cultura. Questionado sobre os vazamentos da Opera\u00e7\u00e3o Lava Jato divulgados pelo The Intercept Brasil em parceria com diversos ve\u00edculos da imprensa, Moro classificou tudo como &#8220;bobageirada&#8221;. &#8220;Nunca dei muita import\u00e2ncia para aquilo. Acho que \u00e9 um monte de &#8216;bobageirada&#8217;. Foi usado politicamente para tentar soltar criminosos presos, pessoas que haviam sido condenadas&hellip;<\/p>\n","protected":false},"author":1,"featured_media":15368,"comment_status":"open","ping_status":"open","sticky":false,"template":"","format":"standard","meta":{"footnotes":""},"categories":[1],"tags":[],"class_list":["post-15367","post","type-post","status-publish","format-standard","has-post-thumbnail","hentry","category-noticias"],"_links":{"self":[{"href":"https:\/\/blogdorogeriogomes.com.br\/noticias\/wp-json\/wp\/v2\/posts\/15367","targetHints":{"allow":["GET"]}}],"collection":[{"href":"https:\/\/blogdorogeriogomes.com.br\/noticias\/wp-json\/wp\/v2\/posts"}],"about":[{"href":"https:\/\/blogdorogeriogomes.com.br\/noticias\/wp-json\/wp\/v2\/types\/post"}],"author":[{"embeddable":true,"href":"https:\/\/blogdorogeriogomes.com.br\/noticias\/wp-json\/wp\/v2\/users\/1"}],"replies":[{"embeddable":true,"href":"https:\/\/blogdorogeriogomes.com.br\/noticias\/wp-json\/wp\/v2\/comments?post=15367"}],"version-history":[{"count":1,"href":"https:\/\/blogdorogeriogomes.com.br\/noticias\/wp-json\/wp\/v2\/posts\/15367\/revisions"}],"predecessor-version":[{"id":15369,"href":"https:\/\/blogdorogeriogomes.com.br\/noticias\/wp-json\/wp\/v2\/posts\/15367\/revisions\/15369"}],"wp:featuredmedia":[{"embeddable":true,"href":"https:\/\/blogdorogeriogomes.com.br\/noticias\/wp-json\/wp\/v2\/media\/15368"}],"wp:attachment":[{"href":"https:\/\/blogdorogeriogomes.com.br\/noticias\/wp-json\/wp\/v2\/media?parent=15367"}],"wp:term":[{"taxonomy":"category","embeddable":true,"href":"https:\/\/blogdorogeriogomes.com.br\/noticias\/wp-json\/wp\/v2\/categories?post=15367"},{"taxonomy":"post_tag","embeddable":true,"href":"https:\/\/blogdorogeriogomes.com.br\/noticias\/wp-json\/wp\/v2\/tags?post=15367"}],"curies":[{"name":"wp","href":"https:\/\/api.w.org\/{rel}","templated":true}]}}