{"id":15370,"date":"2020-01-21T09:24:19","date_gmt":"2020-01-21T09:24:19","guid":{"rendered":"http:\/\/blogdorogeriogomes.com.br\/?p=15370"},"modified":"2020-01-21T14:34:38","modified_gmt":"2020-01-21T14:34:38","slug":"mpf-pede-ao-ministerio-da-educacao-que-inscricoes-do-sisu-sejam-suspensas-ate-que-falhas-do-enem-sejam-resolvidas","status":"publish","type":"post","link":"https:\/\/blogdorogeriogomes.com.br\/noticias\/2020\/01\/mpf-pede-ao-ministerio-da-educacao-que-inscricoes-do-sisu-sejam-suspensas-ate-que-falhas-do-enem-sejam-resolvidas\/","title":{"rendered":"MPF pede ao Minist\u00e9rio da Educa\u00e7\u00e3o que inscri\u00e7\u00f5es do Sisu sejam suspensas at\u00e9 que falhas do Enem sejam resolvidas"},"content":{"rendered":"\n<p>O Minist\u00e9rio P\u00fablico Federal (MPF) solicitou ao ministro da Educa\u00e7\u00e3o, Abraham Weintraub, que o Sistema de Sele\u00e7\u00e3o Unificada (Sisu) seja suspenso at\u00e9 que as falhas encontradas na corre\u00e7\u00e3o do Exame Nacional do Ensino M\u00e9dio (Enem) sejam corrigidas. O pedido foi feito pela Procuradoria Federal dos Direitos do Cidad\u00e3o (PFDC) nesta segunda-feira, dia 20 de janeiro, ap\u00f3s a confirma\u00e7\u00e3o de cerca de 6 mil provas erradas e da prorroga\u00e7\u00e3o at\u00e9 domingo das inscri\u00e7\u00f5es do Sisu.<br>\nO Inep (Instituto Nacional de Estudos e Pesquisas Educacionais An\u00edsio Teixeira) informou que pelo menos 80% das notas erradas dos participantes do Enem (Exame Nacional do Ensino M\u00e9dio) 2019 afetados por problemas na corre\u00e7\u00e3o da prova foram aumentadas ap\u00f3s passarem por revis\u00e3o dos gabaritos.<\/p>\n\n\n\n<figure class=\"wp-block-gallery columns-1 is-cropped wp-block-gallery-1 is-layout-flex wp-block-gallery-is-layout-flex\"><ul class=\"blocks-gallery-grid\"><li class=\"blocks-gallery-item\"><figure><img loading=\"lazy\" decoding=\"async\" width=\"750\" height=\"499\" src=\"http:\/\/blogdorogeriogomes.com.br\/wp-content\/uploads\/2020\/01\/1_sisu_2020_enem_notas_de_corte-11395609.jpg\" alt=\"\" data-id=\"15371\" data-full-url=\"http:\/\/blogdorogeriogomes.com.br\/wp-content\/uploads\/2020\/01\/1_sisu_2020_enem_notas_de_corte-11395609.jpg\" data-link=\"http:\/\/blogdorogeriogomes.com.br\/?attachment_id=15371\" class=\"wp-image-15371\" srcset=\"https:\/\/blogdorogeriogomes.com.br\/noticias\/wp-content\/uploads\/2020\/01\/1_sisu_2020_enem_notas_de_corte-11395609.jpg 750w, https:\/\/blogdorogeriogomes.com.br\/noticias\/wp-content\/uploads\/2020\/01\/1_sisu_2020_enem_notas_de_corte-11395609-300x200.jpg 300w\" sizes=\"auto, (max-width: 750px) 100vw, 750px\" \/><\/figure><\/li><\/ul><\/figure>\n","protected":false},"excerpt":{"rendered":"<p>O Minist\u00e9rio P\u00fablico Federal (MPF) solicitou ao ministro da Educa\u00e7\u00e3o, Abraham Weintraub, que o Sistema de Sele\u00e7\u00e3o Unificada (Sisu) seja suspenso at\u00e9 que as falhas encontradas na corre\u00e7\u00e3o do Exame Nacional do Ensino M\u00e9dio (Enem) sejam corrigidas. O pedido foi feito pela Procuradoria Federal dos Direitos do Cidad\u00e3o (PFDC) nesta segunda-feira, dia 20 de janeiro, ap\u00f3s a confirma\u00e7\u00e3o de cerca de 6 mil provas erradas e da prorroga\u00e7\u00e3o at\u00e9 domingo das inscri\u00e7\u00f5es do Sisu. O Inep (Instituto Nacional de&hellip;<\/p>\n","protected":false},"author":1,"featured_media":15371,"comment_status":"open","ping_status":"open","sticky":false,"template":"","format":"standard","meta":{"footnotes":""},"categories":[1],"tags":[],"class_list":["post-15370","post","type-post","status-publish","format-standard","has-post-thumbnail","hentry","category-noticias"],"_links":{"self":[{"href":"https:\/\/blogdorogeriogomes.com.br\/noticias\/wp-json\/wp\/v2\/posts\/15370","targetHints":{"allow":["GET"]}}],"collection":[{"href":"https:\/\/blogdorogeriogomes.com.br\/noticias\/wp-json\/wp\/v2\/posts"}],"about":[{"href":"https:\/\/blogdorogeriogomes.com.br\/noticias\/wp-json\/wp\/v2\/types\/post"}],"author":[{"embeddable":true,"href":"https:\/\/blogdorogeriogomes.com.br\/noticias\/wp-json\/wp\/v2\/users\/1"}],"replies":[{"embeddable":true,"href":"https:\/\/blogdorogeriogomes.com.br\/noticias\/wp-json\/wp\/v2\/comments?post=15370"}],"version-history":[{"count":1,"href":"https:\/\/blogdorogeriogomes.com.br\/noticias\/wp-json\/wp\/v2\/posts\/15370\/revisions"}],"predecessor-version":[{"id":15372,"href":"https:\/\/blogdorogeriogomes.com.br\/noticias\/wp-json\/wp\/v2\/posts\/15370\/revisions\/15372"}],"wp:featuredmedia":[{"embeddable":true,"href":"https:\/\/blogdorogeriogomes.com.br\/noticias\/wp-json\/wp\/v2\/media\/15371"}],"wp:attachment":[{"href":"https:\/\/blogdorogeriogomes.com.br\/noticias\/wp-json\/wp\/v2\/media?parent=15370"}],"wp:term":[{"taxonomy":"category","embeddable":true,"href":"https:\/\/blogdorogeriogomes.com.br\/noticias\/wp-json\/wp\/v2\/categories?post=15370"},{"taxonomy":"post_tag","embeddable":true,"href":"https:\/\/blogdorogeriogomes.com.br\/noticias\/wp-json\/wp\/v2\/tags?post=15370"}],"curies":[{"name":"wp","href":"https:\/\/api.w.org\/{rel}","templated":true}]}}