{"id":15373,"date":"2020-01-21T14:37:14","date_gmt":"2020-01-21T14:37:14","guid":{"rendered":"http:\/\/blogdorogeriogomes.com.br\/?p=15373"},"modified":"2020-01-23T12:36:15","modified_gmt":"2020-01-23T12:36:15","slug":"prefeitura-de-fortaleza-divulga-programacao-do-pre-carnaval-2020","status":"publish","type":"post","link":"https:\/\/blogdorogeriogomes.com.br\/noticias\/2020\/01\/prefeitura-de-fortaleza-divulga-programacao-do-pre-carnaval-2020\/","title":{"rendered":"Prefeitura de Fortaleza divulga programa\u00e7\u00e3o do Pr\u00e9 Carnaval 2020"},"content":{"rendered":"\n<p>O Ciclo Carnavalesco Oficial da Prefeitura de Fortaleza tem in\u00edcio nesta sexta-feira, dia 24 de janeiro. A programa\u00e7\u00e3o nos 12 p\u00f3los do pr\u00e9 carnaval est\u00e1 confirmada pela Secretaria de Cultura do Munic\u00edpio. O Pr\u00e9 Carnaval 2020 prosseguir\u00e1 at\u00e9 o dia 16 de fevereiro.<br>\nA Pol\u00edcia Militar vai envolver o efetivo de 1.200 policiais que far\u00e3o o monitoramento dos 23 dias de festa. A Guarda Municipal de Fortaleza distribuir\u00e1 864 agentes entre os principais pontos de folia na Capital. Durante os dias do evento, a Empresa de Transporte Urbano de Fortaleza (Etufor) adicionar\u00e1 15 \u00f4nibus em sua frota operante aos s\u00e1bados. J\u00e1 a Autarquia Municipal de Tr\u00e2nsito e Cidadania (AMC) vai envolver um efetivo de 162 agentes e operadores para orientar a circula\u00e7\u00e3o de ve\u00edculos nos locais de festa.<\/p>\n\n\n\n<p>Confira a programa\u00e7\u00e3o do primeiro fim de semana do Pr\u00e9 Carnaval de Fortaleza 2020<\/p>\n\n\n\n<p><br> Pra\u00e7a do Ferreira<br> 24\/01: Superbanda (18h) e Luxo da Aldeia (20h)<br> 25\/01: Vanin e Nicinha do Acordeon &#8211; Frevo Sanfonado (18h) e Concentra Mas N\u00e3o Sai (20h)<\/p>\n\n\n\n<p><br> Mercado dos Pinh\u00f5es<br> 24\/01: Bloco do Vinil (18h), Pedro Falc\u00e3o e Sert\u00f4nica (19h) e Os Alfazemas (20h30)<br> 25\/01: DJ Fish (18h), Al\u00ea Eloi (19h) e Banda Dubaile (20h30).<\/p>\n\n\n\n<p><br> Benfica<br> 24\/01: Duas Doses de M\u00fasicas &amp; Os Tira Gosto (18h), Cal\u00e9 Alencar (19h) e Banda Bregaria (20h)<br> 25\/01: Yane Caracas e Banda (18h) e Os Alfazemas (20h)<\/p>\n\n\n\n<p>Aterrinho da Praia de Iracema<br>\n25\/01: Desfile dos blocos Baqueta, Unidos da Cachorra, Camale\u00f5es do Vila, Bonde Batuque e Bloco Cheiro. Apresenta\u00e7\u00e3o de grupo de afox\u00e9. Show de Get\u00falio Abelha (20h30).<\/p>\n\n\n\n<p>Pra\u00e7a Cristo Redentor (Teatro S\u00e3o Jos\u00e9)<br>\n25\/01: Batuque Baobab (17h30), Johnny Lima (18h30), Banda Bregaria (19h30) e Os Transacionais (20h30)<\/p>\n\n\n\n<p>Mocinha<br>\nAtra\u00e7\u00e3o: Bloco Num Ispaia Sin\u00e3o Ienche<\/p>\n\n\n\n<p>Largo dos Tremembes<br>\n25\/01: Get\u00falio Abelha (18h) e Bloco das Travestidas (20h)<\/p>\n\n\n\n<p>Mercado da Aerol\u00e2ndia<br>\n25\/01: Banda DTF (De Toda Forma) (18h) e Anderson Monteiro (20h)<br>\n26\/01: Banda O Som da Lira (18h) e Jean Dumont (20h)<\/p>\n\n\n\n<p>Polo do Raimundo dos Queijos<br>\n26\/01: Grupo Nosso Samba com Canto da Raz\u00e3o (11h), DJ Gomes (13h) e Renato Black (14h)<\/p>\n\n\n\n<figure class=\"wp-block-gallery columns-1 is-cropped wp-block-gallery-1 is-layout-flex wp-block-gallery-is-layout-flex\"><ul class=\"blocks-gallery-grid\"><li class=\"blocks-gallery-item\"><figure><img loading=\"lazy\" decoding=\"async\" width=\"739\" height=\"415\" src=\"http:\/\/blogdorogeriogomes.com.br\/wp-content\/uploads\/2020\/01\/images-2020-01-21T113008.871.jpeg\" alt=\"\" data-id=\"15374\" data-full-url=\"http:\/\/blogdorogeriogomes.com.br\/wp-content\/uploads\/2020\/01\/images-2020-01-21T113008.871.jpeg\" data-link=\"http:\/\/blogdorogeriogomes.com.br\/?attachment_id=15374\" class=\"wp-image-15374\" srcset=\"https:\/\/blogdorogeriogomes.com.br\/noticias\/wp-content\/uploads\/2020\/01\/images-2020-01-21T113008.871.jpeg 739w, https:\/\/blogdorogeriogomes.com.br\/noticias\/wp-content\/uploads\/2020\/01\/images-2020-01-21T113008.871-300x168.jpeg 300w\" sizes=\"auto, (max-width: 739px) 100vw, 739px\" \/><\/figure><\/li><\/ul><\/figure>\n","protected":false},"excerpt":{"rendered":"<p>O Ciclo Carnavalesco Oficial da Prefeitura de Fortaleza tem in\u00edcio nesta sexta-feira, dia 24 de janeiro. A programa\u00e7\u00e3o nos 12 p\u00f3los do pr\u00e9 carnaval est\u00e1 confirmada pela Secretaria de Cultura do Munic\u00edpio. O Pr\u00e9 Carnaval 2020 prosseguir\u00e1 at\u00e9 o dia 16 de fevereiro. A Pol\u00edcia Militar vai envolver o efetivo de 1.200 policiais que far\u00e3o o monitoramento dos 23 dias de festa. A Guarda Municipal de Fortaleza distribuir\u00e1 864 agentes entre os principais pontos de folia na Capital. Durante&hellip;<\/p>\n","protected":false},"author":1,"featured_media":15374,"comment_status":"open","ping_status":"open","sticky":false,"template":"","format":"standard","meta":{"footnotes":""},"categories":[1],"tags":[],"class_list":["post-15373","post","type-post","status-publish","format-standard","has-post-thumbnail","hentry","category-noticias"],"_links":{"self":[{"href":"https:\/\/blogdorogeriogomes.com.br\/noticias\/wp-json\/wp\/v2\/posts\/15373","targetHints":{"allow":["GET"]}}],"collection":[{"href":"https:\/\/blogdorogeriogomes.com.br\/noticias\/wp-json\/wp\/v2\/posts"}],"about":[{"href":"https:\/\/blogdorogeriogomes.com.br\/noticias\/wp-json\/wp\/v2\/types\/post"}],"author":[{"embeddable":true,"href":"https:\/\/blogdorogeriogomes.com.br\/noticias\/wp-json\/wp\/v2\/users\/1"}],"replies":[{"embeddable":true,"href":"https:\/\/blogdorogeriogomes.com.br\/noticias\/wp-json\/wp\/v2\/comments?post=15373"}],"version-history":[{"count":1,"href":"https:\/\/blogdorogeriogomes.com.br\/noticias\/wp-json\/wp\/v2\/posts\/15373\/revisions"}],"predecessor-version":[{"id":15375,"href":"https:\/\/blogdorogeriogomes.com.br\/noticias\/wp-json\/wp\/v2\/posts\/15373\/revisions\/15375"}],"wp:featuredmedia":[{"embeddable":true,"href":"https:\/\/blogdorogeriogomes.com.br\/noticias\/wp-json\/wp\/v2\/media\/15374"}],"wp:attachment":[{"href":"https:\/\/blogdorogeriogomes.com.br\/noticias\/wp-json\/wp\/v2\/media?parent=15373"}],"wp:term":[{"taxonomy":"category","embeddable":true,"href":"https:\/\/blogdorogeriogomes.com.br\/noticias\/wp-json\/wp\/v2\/categories?post=15373"},{"taxonomy":"post_tag","embeddable":true,"href":"https:\/\/blogdorogeriogomes.com.br\/noticias\/wp-json\/wp\/v2\/tags?post=15373"}],"curies":[{"name":"wp","href":"https:\/\/api.w.org\/{rel}","templated":true}]}}