{"id":15379,"date":"2020-01-21T21:05:50","date_gmt":"2020-01-21T21:05:50","guid":{"rendered":"http:\/\/blogdorogeriogomes.com.br\/?p=15379"},"modified":"2020-01-23T12:35:30","modified_gmt":"2020-01-23T12:35:30","slug":"denuncia-de-procurador-do-mpf-contra-jornalista-glenn-greenwald-ameaca-liberdade-de-imprensa","status":"publish","type":"post","link":"https:\/\/blogdorogeriogomes.com.br\/noticias\/2020\/01\/denuncia-de-procurador-do-mpf-contra-jornalista-glenn-greenwald-ameaca-liberdade-de-imprensa\/","title":{"rendered":"Den\u00fancia de procurador do MPF contra jornalista Glenn Greenwald amea\u00e7a liberdade de imprensa"},"content":{"rendered":"\n<p>Den\u00fancia assinada pelo procurador da Rep\u00fablica, Wellington Divino de Oliveira, nesta ter\u00e7a-feira, dia 21 de janeiro, inclui sete pessoas por suposta &#8220;invas\u00e3o de celulares de autoridades&#8221;. Um dos denunciados \u00e9 o jornalista Glenn Greenwald, editor do site The Intercept, que n\u00e3o foi indiciado e sequer investigado pela Pol\u00edcia Federal. No relat\u00f3rio do delegado da PF, Luiz Fl\u00e1vio Zampronha, n\u00e3o h\u00e1 evid\u00eancias de que o jornalista tenha participado dos crimes investigados no hackeamento contra autoridades da Lava Jato. &#8220;\u00c9 uma tentativa \u00f3bvia de atacar a imprensa livre em retalia\u00e7\u00e3o pelas revela\u00e7\u00f5es que relatamos sobre o ministro Moro e o governo Bolsonaro&#8221;, respondeu Glenn Greenwald, ap\u00f3s saber da den\u00fancia do MPF.<br>\nA iniciativa do procurador do Minist\u00e9rio P\u00fablico Federal repercute negativamente nos meios pol\u00edticos, do pr\u00f3prio Judici\u00e1rio e nas entidades de imprensa de todo o Pa\u00eds.<br>\nO ministro Marco Aur\u00e9lio Mello, do Supremo Tribunal Federal, afirmou que a den\u00fancia do MPF contra Glenn Gleenwald \u00e9 um ato \u201cproblem\u00e1tico\u201d e \u201cperigoso\u201d por se tratar de situa\u00e7\u00e3o que pode cercear a liberdade de express\u00e3o.<br>\nA Associa\u00e7\u00e3o Brasileira de Jornalismo Investigativo (Abraji) afirmou que a den\u00fancia do MPF contra Glenn  se baseia em interpreta\u00e7\u00e3o distorcida das conversas do jornalista com sua fonte. A OAB nacional disse em nota que &#8220;acompanha com grande preocupa\u00e7\u00e3o a den\u00fancia&#8221;.<br>\nO presidente da C\u00e2mara dos Deputados, Rodrigo Maia classificou a den\u00fancia contra o jornalista como um ataque \u00e0 liberdade de imprensa. &#8220;Jornalismo n\u00e3o \u00e9 crime. Sem jornalismo livre n\u00e3o h\u00e1 democracia&#8221;, disse Rodrigo Maia.<br>\nAs criticas contra o procurador do MPF que fez a den\u00fancia n\u00e3o param por a\u00ed. Com base no direito constitucional do sigilo da fonte, decis\u00e3o do ministro Gilmar Mendes, do Supremo Tribunal Federal (STF), concedeu habeas corpus proibindo que o jornalista Glenn Greenwald fosse investigado pelas mensagens publicadas em reportagens da Vaza Jato, no The Intercept Brasil.<\/p>\n\n\n\n<figure class=\"wp-block-gallery columns-1 is-cropped wp-block-gallery-1 is-layout-flex wp-block-gallery-is-layout-flex\"><ul class=\"blocks-gallery-grid\"><li class=\"blocks-gallery-item\"><figure><img loading=\"lazy\" decoding=\"async\" width=\"1024\" height=\"683\" src=\"http:\/\/blogdorogeriogomes.com.br\/wp-content\/uploads\/2020\/01\/glenn-1024x683.jpg\" alt=\"\" data-id=\"15380\" data-full-url=\"http:\/\/blogdorogeriogomes.com.br\/wp-content\/uploads\/2020\/01\/glenn.jpg\" data-link=\"http:\/\/blogdorogeriogomes.com.br\/?attachment_id=15380\" class=\"wp-image-15380\" srcset=\"https:\/\/blogdorogeriogomes.com.br\/noticias\/wp-content\/uploads\/2020\/01\/glenn-1024x683.jpg 1024w, https:\/\/blogdorogeriogomes.com.br\/noticias\/wp-content\/uploads\/2020\/01\/glenn-300x200.jpg 300w, https:\/\/blogdorogeriogomes.com.br\/noticias\/wp-content\/uploads\/2020\/01\/glenn-768x512.jpg 768w, https:\/\/blogdorogeriogomes.com.br\/noticias\/wp-content\/uploads\/2020\/01\/glenn-800x534.jpg 800w, https:\/\/blogdorogeriogomes.com.br\/noticias\/wp-content\/uploads\/2020\/01\/glenn.jpg 1079w\" sizes=\"auto, (max-width: 1024px) 100vw, 1024px\" \/><\/figure><\/li><\/ul><\/figure>\n","protected":false},"excerpt":{"rendered":"<p>Den\u00fancia assinada pelo procurador da Rep\u00fablica, Wellington Divino de Oliveira, nesta ter\u00e7a-feira, dia 21 de janeiro, inclui sete pessoas por suposta &#8220;invas\u00e3o de celulares de autoridades&#8221;. Um dos denunciados \u00e9 o jornalista Glenn Greenwald, editor do site The Intercept, que n\u00e3o foi indiciado e sequer investigado pela Pol\u00edcia Federal. No relat\u00f3rio do delegado da PF, Luiz Fl\u00e1vio Zampronha, n\u00e3o h\u00e1 evid\u00eancias de que o jornalista tenha participado dos crimes investigados no hackeamento contra autoridades da Lava Jato. &#8220;\u00c9 uma&hellip;<\/p>\n","protected":false},"author":1,"featured_media":15380,"comment_status":"open","ping_status":"open","sticky":false,"template":"","format":"standard","meta":{"footnotes":""},"categories":[1],"tags":[],"class_list":["post-15379","post","type-post","status-publish","format-standard","has-post-thumbnail","hentry","category-noticias"],"_links":{"self":[{"href":"https:\/\/blogdorogeriogomes.com.br\/noticias\/wp-json\/wp\/v2\/posts\/15379","targetHints":{"allow":["GET"]}}],"collection":[{"href":"https:\/\/blogdorogeriogomes.com.br\/noticias\/wp-json\/wp\/v2\/posts"}],"about":[{"href":"https:\/\/blogdorogeriogomes.com.br\/noticias\/wp-json\/wp\/v2\/types\/post"}],"author":[{"embeddable":true,"href":"https:\/\/blogdorogeriogomes.com.br\/noticias\/wp-json\/wp\/v2\/users\/1"}],"replies":[{"embeddable":true,"href":"https:\/\/blogdorogeriogomes.com.br\/noticias\/wp-json\/wp\/v2\/comments?post=15379"}],"version-history":[{"count":1,"href":"https:\/\/blogdorogeriogomes.com.br\/noticias\/wp-json\/wp\/v2\/posts\/15379\/revisions"}],"predecessor-version":[{"id":15381,"href":"https:\/\/blogdorogeriogomes.com.br\/noticias\/wp-json\/wp\/v2\/posts\/15379\/revisions\/15381"}],"wp:featuredmedia":[{"embeddable":true,"href":"https:\/\/blogdorogeriogomes.com.br\/noticias\/wp-json\/wp\/v2\/media\/15380"}],"wp:attachment":[{"href":"https:\/\/blogdorogeriogomes.com.br\/noticias\/wp-json\/wp\/v2\/media?parent=15379"}],"wp:term":[{"taxonomy":"category","embeddable":true,"href":"https:\/\/blogdorogeriogomes.com.br\/noticias\/wp-json\/wp\/v2\/categories?post=15379"},{"taxonomy":"post_tag","embeddable":true,"href":"https:\/\/blogdorogeriogomes.com.br\/noticias\/wp-json\/wp\/v2\/tags?post=15379"}],"curies":[{"name":"wp","href":"https:\/\/api.w.org\/{rel}","templated":true}]}}