{"id":15382,"date":"2020-01-22T09:24:03","date_gmt":"2020-01-22T09:24:03","guid":{"rendered":"http:\/\/blogdorogeriogomes.com.br\/?p=15382"},"modified":"2020-01-23T12:35:19","modified_gmt":"2020-01-23T12:35:19","slug":"pacto-pelo-saneamento-basico-tem-primeiro-encontro-de-2020-na-assembleia-legislativa","status":"publish","type":"post","link":"https:\/\/blogdorogeriogomes.com.br\/noticias\/2020\/01\/pacto-pelo-saneamento-basico-tem-primeiro-encontro-de-2020-na-assembleia-legislativa\/","title":{"rendered":"Pacto pelo Saneamento B\u00e1sico tem primeiro encontro de 2020 na Assembleia Legislativa"},"content":{"rendered":"\n<p>A primeira reuni\u00e3o da coordena\u00e7\u00e3o t\u00e9cnica do Pacto pelo Saneamento B\u00e1sico neste ano ser\u00e1 realizada nesta quarta-feira, dia 22 de janeiro, na Assembleia Legislativa. Idealizado pelo presidente Jos\u00e9 Sarto (PDT), o Pacto tem o objetivo de fortalecer a pol\u00edtica p\u00fablica de saneamento b\u00e1sico, visando \u00e0 universaliza\u00e7\u00e3o dos servi\u00e7os. O encontro ocorrer\u00e1 \u00e0s 9 horas, no Anexo II da Assembleia Legislativa, na sala A, no 1\u00ba andar.<br> Sarto enfatiza que o Pacto pelo Saneamento B\u00e1sico \u00e9 um esfor\u00e7o m\u00fatuo para contribuir com a amplia\u00e7\u00e3o da oferta do servi\u00e7o no Estado. Ele refor\u00e7a que esta \u00e9 uma pol\u00edtica determinante para o desenvolvimento das cidades e, por vezes, esbarra em dificuldades como custo elevado, transtornos no decorrer das obras, entre outros. Ao todo, 15 institui\u00e7\u00f5es, p\u00fablicas e privadas, integram o Pacto.<\/p>\n\n\n\n<figure class=\"wp-block-gallery columns-1 is-cropped wp-block-gallery-1 is-layout-flex wp-block-gallery-is-layout-flex\"><ul class=\"blocks-gallery-grid\"><li class=\"blocks-gallery-item\"><figure><img loading=\"lazy\" decoding=\"async\" width=\"900\" height=\"600\" src=\"http:\/\/blogdorogeriogomes.com.br\/wp-content\/uploads\/2020\/01\/70d565ac25535582f1970d011238c07f_XL.jpg\" alt=\"\" data-id=\"15383\" data-full-url=\"http:\/\/blogdorogeriogomes.com.br\/wp-content\/uploads\/2020\/01\/70d565ac25535582f1970d011238c07f_XL.jpg\" data-link=\"http:\/\/blogdorogeriogomes.com.br\/?attachment_id=15383\" class=\"wp-image-15383\" srcset=\"https:\/\/blogdorogeriogomes.com.br\/noticias\/wp-content\/uploads\/2020\/01\/70d565ac25535582f1970d011238c07f_XL.jpg 900w, https:\/\/blogdorogeriogomes.com.br\/noticias\/wp-content\/uploads\/2020\/01\/70d565ac25535582f1970d011238c07f_XL-300x200.jpg 300w, https:\/\/blogdorogeriogomes.com.br\/noticias\/wp-content\/uploads\/2020\/01\/70d565ac25535582f1970d011238c07f_XL-768x512.jpg 768w, https:\/\/blogdorogeriogomes.com.br\/noticias\/wp-content\/uploads\/2020\/01\/70d565ac25535582f1970d011238c07f_XL-800x533.jpg 800w\" sizes=\"auto, (max-width: 900px) 100vw, 900px\" \/><\/figure><\/li><\/ul><\/figure>\n","protected":false},"excerpt":{"rendered":"<p>A primeira reuni\u00e3o da coordena\u00e7\u00e3o t\u00e9cnica do Pacto pelo Saneamento B\u00e1sico neste ano ser\u00e1 realizada nesta quarta-feira, dia 22 de janeiro, na Assembleia Legislativa. Idealizado pelo presidente Jos\u00e9 Sarto (PDT), o Pacto tem o objetivo de fortalecer a pol\u00edtica p\u00fablica de saneamento b\u00e1sico, visando \u00e0 universaliza\u00e7\u00e3o dos servi\u00e7os. O encontro ocorrer\u00e1 \u00e0s 9 horas, no Anexo II da Assembleia Legislativa, na sala A, no 1\u00ba andar. Sarto enfatiza que o Pacto pelo Saneamento B\u00e1sico \u00e9 um esfor\u00e7o m\u00fatuo para&hellip;<\/p>\n","protected":false},"author":1,"featured_media":15383,"comment_status":"open","ping_status":"open","sticky":false,"template":"","format":"standard","meta":{"footnotes":""},"categories":[1],"tags":[],"class_list":["post-15382","post","type-post","status-publish","format-standard","has-post-thumbnail","hentry","category-noticias"],"_links":{"self":[{"href":"https:\/\/blogdorogeriogomes.com.br\/noticias\/wp-json\/wp\/v2\/posts\/15382","targetHints":{"allow":["GET"]}}],"collection":[{"href":"https:\/\/blogdorogeriogomes.com.br\/noticias\/wp-json\/wp\/v2\/posts"}],"about":[{"href":"https:\/\/blogdorogeriogomes.com.br\/noticias\/wp-json\/wp\/v2\/types\/post"}],"author":[{"embeddable":true,"href":"https:\/\/blogdorogeriogomes.com.br\/noticias\/wp-json\/wp\/v2\/users\/1"}],"replies":[{"embeddable":true,"href":"https:\/\/blogdorogeriogomes.com.br\/noticias\/wp-json\/wp\/v2\/comments?post=15382"}],"version-history":[{"count":1,"href":"https:\/\/blogdorogeriogomes.com.br\/noticias\/wp-json\/wp\/v2\/posts\/15382\/revisions"}],"predecessor-version":[{"id":15384,"href":"https:\/\/blogdorogeriogomes.com.br\/noticias\/wp-json\/wp\/v2\/posts\/15382\/revisions\/15384"}],"wp:featuredmedia":[{"embeddable":true,"href":"https:\/\/blogdorogeriogomes.com.br\/noticias\/wp-json\/wp\/v2\/media\/15383"}],"wp:attachment":[{"href":"https:\/\/blogdorogeriogomes.com.br\/noticias\/wp-json\/wp\/v2\/media?parent=15382"}],"wp:term":[{"taxonomy":"category","embeddable":true,"href":"https:\/\/blogdorogeriogomes.com.br\/noticias\/wp-json\/wp\/v2\/categories?post=15382"},{"taxonomy":"post_tag","embeddable":true,"href":"https:\/\/blogdorogeriogomes.com.br\/noticias\/wp-json\/wp\/v2\/tags?post=15382"}],"curies":[{"name":"wp","href":"https:\/\/api.w.org\/{rel}","templated":true}]}}