{"id":15385,"date":"2020-01-22T09:42:17","date_gmt":"2020-01-22T09:42:17","guid":{"rendered":"http:\/\/blogdorogeriogomes.com.br\/?p=15385"},"modified":"2020-01-23T12:35:07","modified_gmt":"2020-01-23T12:35:07","slug":"ministerio-publico-investiga-denuncias-de-perseguicao-politica-durante-eleicoes-em-caucaia","status":"publish","type":"post","link":"https:\/\/blogdorogeriogomes.com.br\/noticias\/2020\/01\/ministerio-publico-investiga-denuncias-de-perseguicao-politica-durante-eleicoes-em-caucaia\/","title":{"rendered":"Minist\u00e9rio P\u00fablico investiga den\u00fancias de persegui\u00e7\u00e3o pol\u00edtica durante elei\u00e7\u00f5es em Caucaia"},"content":{"rendered":"\n<p>O prefeito de Caucaia, Naumi Amorim, e a deputada estadual \u00c9rika Amorim (PSD) est\u00e3o sob investiga\u00e7\u00e3o do Minist\u00e9rio P\u00fablico do Cear\u00e1 (MPCE), que abriu inqu\u00e9rito civil p\u00fablico para apurar den\u00fancias de persegui\u00e7\u00e3o pol\u00edtica, praticada nas elei\u00e7\u00f5es de 2018, contra diretores e coordernadores de escolas do munic\u00edpio de Caucaia. <br> Segundo o MPCE, o prefeito Naumi Amorim teria demitido os gestores por eles n\u00e3o terem declarado apoio e voto a candidatura da primeira-dama \u00c9rika Amorim ao cargo de deputada estadual, nas \u00faltimas elei\u00e7\u00f5es, quando a mesma foi eleita.<br> A justificativa do Minist\u00e9rio P\u00fablico Estadual \u00e9 que o Prefeito de Caucaia teria utilizado outros servidores para trabalhar na campanha pol\u00edtica de \u00c9rika, causando embara\u00e7o para o exerc\u00edcio de suas respectivas fun\u00e7\u00f5es. O MPCE avalia que os atos representam improbidade administrativa e, por isso, precisam ser investigados.<br> Naumi e \u00c9rika Amorim afirmam que n\u00e3o houve qualquer comprova\u00e7\u00e3o de irregularidades ou de vantagem \u00e0 ent\u00e3o candidata no caso.<\/p>\n\n\n\n<figure class=\"wp-block-gallery columns-1 is-cropped wp-block-gallery-1 is-layout-flex wp-block-gallery-is-layout-flex\"><ul class=\"blocks-gallery-grid\"><li class=\"blocks-gallery-item\"><figure><img loading=\"lazy\" decoding=\"async\" width=\"681\" height=\"356\" src=\"http:\/\/blogdorogeriogomes.com.br\/wp-content\/uploads\/2020\/01\/images-2020-01-22T062807.061.jpeg\" alt=\"\" data-id=\"15386\" data-full-url=\"http:\/\/blogdorogeriogomes.com.br\/wp-content\/uploads\/2020\/01\/images-2020-01-22T062807.061.jpeg\" data-link=\"http:\/\/blogdorogeriogomes.com.br\/?attachment_id=15386\" class=\"wp-image-15386\" srcset=\"https:\/\/blogdorogeriogomes.com.br\/noticias\/wp-content\/uploads\/2020\/01\/images-2020-01-22T062807.061.jpeg 681w, https:\/\/blogdorogeriogomes.com.br\/noticias\/wp-content\/uploads\/2020\/01\/images-2020-01-22T062807.061-300x157.jpeg 300w\" sizes=\"auto, (max-width: 681px) 100vw, 681px\" \/><\/figure><\/li><\/ul><\/figure>\n","protected":false},"excerpt":{"rendered":"<p>O prefeito de Caucaia, Naumi Amorim, e a deputada estadual \u00c9rika Amorim (PSD) est\u00e3o sob investiga\u00e7\u00e3o do Minist\u00e9rio P\u00fablico do Cear\u00e1 (MPCE), que abriu inqu\u00e9rito civil p\u00fablico para apurar den\u00fancias de persegui\u00e7\u00e3o pol\u00edtica, praticada nas elei\u00e7\u00f5es de 2018, contra diretores e coordernadores de escolas do munic\u00edpio de Caucaia. Segundo o MPCE, o prefeito Naumi Amorim teria demitido os gestores por eles n\u00e3o terem declarado apoio e voto a candidatura da primeira-dama \u00c9rika Amorim ao cargo de deputada estadual, nas&hellip;<\/p>\n","protected":false},"author":1,"featured_media":15386,"comment_status":"open","ping_status":"open","sticky":false,"template":"","format":"standard","meta":{"footnotes":""},"categories":[1],"tags":[],"class_list":["post-15385","post","type-post","status-publish","format-standard","has-post-thumbnail","hentry","category-noticias"],"_links":{"self":[{"href":"https:\/\/blogdorogeriogomes.com.br\/noticias\/wp-json\/wp\/v2\/posts\/15385","targetHints":{"allow":["GET"]}}],"collection":[{"href":"https:\/\/blogdorogeriogomes.com.br\/noticias\/wp-json\/wp\/v2\/posts"}],"about":[{"href":"https:\/\/blogdorogeriogomes.com.br\/noticias\/wp-json\/wp\/v2\/types\/post"}],"author":[{"embeddable":true,"href":"https:\/\/blogdorogeriogomes.com.br\/noticias\/wp-json\/wp\/v2\/users\/1"}],"replies":[{"embeddable":true,"href":"https:\/\/blogdorogeriogomes.com.br\/noticias\/wp-json\/wp\/v2\/comments?post=15385"}],"version-history":[{"count":1,"href":"https:\/\/blogdorogeriogomes.com.br\/noticias\/wp-json\/wp\/v2\/posts\/15385\/revisions"}],"predecessor-version":[{"id":15387,"href":"https:\/\/blogdorogeriogomes.com.br\/noticias\/wp-json\/wp\/v2\/posts\/15385\/revisions\/15387"}],"wp:featuredmedia":[{"embeddable":true,"href":"https:\/\/blogdorogeriogomes.com.br\/noticias\/wp-json\/wp\/v2\/media\/15386"}],"wp:attachment":[{"href":"https:\/\/blogdorogeriogomes.com.br\/noticias\/wp-json\/wp\/v2\/media?parent=15385"}],"wp:term":[{"taxonomy":"category","embeddable":true,"href":"https:\/\/blogdorogeriogomes.com.br\/noticias\/wp-json\/wp\/v2\/categories?post=15385"},{"taxonomy":"post_tag","embeddable":true,"href":"https:\/\/blogdorogeriogomes.com.br\/noticias\/wp-json\/wp\/v2\/tags?post=15385"}],"curies":[{"name":"wp","href":"https:\/\/api.w.org\/{rel}","templated":true}]}}