{"id":15388,"date":"2020-01-22T19:24:00","date_gmt":"2020-01-22T19:24:00","guid":{"rendered":"http:\/\/blogdorogeriogomes.com.br\/?p=15388"},"modified":"2020-01-23T12:34:25","modified_gmt":"2020-01-23T12:34:25","slug":"prefeitura-de-fortaleza-anuncia-a-construcao-de-dois-mini-terminais-na-washington-soares-e-no-jose-walter","status":"publish","type":"post","link":"https:\/\/blogdorogeriogomes.com.br\/noticias\/2020\/01\/prefeitura-de-fortaleza-anuncia-a-construcao-de-dois-mini-terminais-na-washington-soares-e-no-jose-walter\/","title":{"rendered":"Prefeitura de Fortaleza anuncia a constru\u00e7\u00e3o de dois mini terminais na Washington Soares e no Jos\u00e9 Walter"},"content":{"rendered":"\n<p>A Prefeitura de Fortaleza anunciou a constru\u00e7\u00e3o de dois mini terminais de \u00f4nibus na Capital. Um na avenida Washington Soares (entre as ruas Ol\u00edmpio Leite e Esmerino Parente), no bairro Jos\u00e9 de Alencar, e outro no bairro Jos\u00e9 Walter (entre as avenidas Bernardo Manuel e Jo\u00e3o de Ara\u00fajo Lima).<br>\nO mini terminal da Washington Soares j\u00e1 ter\u00e1 obras iniciadas nesta semana, com entrega prevista para o segundo semestre de 2020. J\u00e1 o mini terminal do Jos\u00e9 Walter deve iniciar a constru\u00e7\u00e3o em fevereiro.<br>\nOs mini terminais t\u00eam investimento de R$ 3,8 milh\u00f5es de reais e devem beneficiar cerca de 100 mil usu\u00e1rios do transporte coletivo nas duas regi\u00f5es de Fortaleza, que t\u00eam grande fluxo de passageiros.<\/p>\n\n\n\n<figure class=\"wp-block-gallery columns-1 is-cropped wp-block-gallery-1 is-layout-flex wp-block-gallery-is-layout-flex\"><ul class=\"blocks-gallery-grid\"><li class=\"blocks-gallery-item\"><figure><img loading=\"lazy\" decoding=\"async\" width=\"984\" height=\"554\" src=\"http:\/\/blogdorogeriogomes.com.br\/wp-content\/uploads\/2020\/01\/terminal-onibus.jpg\" alt=\"\" data-id=\"15389\" data-full-url=\"http:\/\/blogdorogeriogomes.com.br\/wp-content\/uploads\/2020\/01\/terminal-onibus.jpg\" data-link=\"http:\/\/blogdorogeriogomes.com.br\/?attachment_id=15389\" class=\"wp-image-15389\" srcset=\"https:\/\/blogdorogeriogomes.com.br\/noticias\/wp-content\/uploads\/2020\/01\/terminal-onibus.jpg 984w, https:\/\/blogdorogeriogomes.com.br\/noticias\/wp-content\/uploads\/2020\/01\/terminal-onibus-300x169.jpg 300w, https:\/\/blogdorogeriogomes.com.br\/noticias\/wp-content\/uploads\/2020\/01\/terminal-onibus-768x432.jpg 768w, https:\/\/blogdorogeriogomes.com.br\/noticias\/wp-content\/uploads\/2020\/01\/terminal-onibus-800x450.jpg 800w\" sizes=\"auto, (max-width: 984px) 100vw, 984px\" \/><\/figure><\/li><\/ul><\/figure>\n","protected":false},"excerpt":{"rendered":"<p>A Prefeitura de Fortaleza anunciou a constru\u00e7\u00e3o de dois mini terminais de \u00f4nibus na Capital. Um na avenida Washington Soares (entre as ruas Ol\u00edmpio Leite e Esmerino Parente), no bairro Jos\u00e9 de Alencar, e outro no bairro Jos\u00e9 Walter (entre as avenidas Bernardo Manuel e Jo\u00e3o de Ara\u00fajo Lima). O mini terminal da Washington Soares j\u00e1 ter\u00e1 obras iniciadas nesta semana, com entrega prevista para o segundo semestre de 2020. J\u00e1 o mini terminal do Jos\u00e9 Walter deve iniciar&hellip;<\/p>\n","protected":false},"author":1,"featured_media":15389,"comment_status":"open","ping_status":"open","sticky":false,"template":"","format":"standard","meta":{"footnotes":""},"categories":[1],"tags":[],"class_list":["post-15388","post","type-post","status-publish","format-standard","has-post-thumbnail","hentry","category-noticias"],"_links":{"self":[{"href":"https:\/\/blogdorogeriogomes.com.br\/noticias\/wp-json\/wp\/v2\/posts\/15388","targetHints":{"allow":["GET"]}}],"collection":[{"href":"https:\/\/blogdorogeriogomes.com.br\/noticias\/wp-json\/wp\/v2\/posts"}],"about":[{"href":"https:\/\/blogdorogeriogomes.com.br\/noticias\/wp-json\/wp\/v2\/types\/post"}],"author":[{"embeddable":true,"href":"https:\/\/blogdorogeriogomes.com.br\/noticias\/wp-json\/wp\/v2\/users\/1"}],"replies":[{"embeddable":true,"href":"https:\/\/blogdorogeriogomes.com.br\/noticias\/wp-json\/wp\/v2\/comments?post=15388"}],"version-history":[{"count":1,"href":"https:\/\/blogdorogeriogomes.com.br\/noticias\/wp-json\/wp\/v2\/posts\/15388\/revisions"}],"predecessor-version":[{"id":15390,"href":"https:\/\/blogdorogeriogomes.com.br\/noticias\/wp-json\/wp\/v2\/posts\/15388\/revisions\/15390"}],"wp:featuredmedia":[{"embeddable":true,"href":"https:\/\/blogdorogeriogomes.com.br\/noticias\/wp-json\/wp\/v2\/media\/15389"}],"wp:attachment":[{"href":"https:\/\/blogdorogeriogomes.com.br\/noticias\/wp-json\/wp\/v2\/media?parent=15388"}],"wp:term":[{"taxonomy":"category","embeddable":true,"href":"https:\/\/blogdorogeriogomes.com.br\/noticias\/wp-json\/wp\/v2\/categories?post=15388"},{"taxonomy":"post_tag","embeddable":true,"href":"https:\/\/blogdorogeriogomes.com.br\/noticias\/wp-json\/wp\/v2\/tags?post=15388"}],"curies":[{"name":"wp","href":"https:\/\/api.w.org\/{rel}","templated":true}]}}