{"id":15394,"date":"2020-01-23T08:08:11","date_gmt":"2020-01-23T08:08:11","guid":{"rendered":"http:\/\/blogdorogeriogomes.com.br\/?p=15394"},"modified":"2020-01-23T12:34:07","modified_gmt":"2020-01-23T12:34:07","slug":"luiz-fux-suspende-juiz-das-garantias-e-abre-nova-crise-na-relacao-com-o-congresso","status":"publish","type":"post","link":"https:\/\/blogdorogeriogomes.com.br\/noticias\/2020\/01\/luiz-fux-suspende-juiz-das-garantias-e-abre-nova-crise-na-relacao-com-o-congresso\/","title":{"rendered":"Luiz Fux suspende juiz das garantias e abre nova crise na rela\u00e7\u00e3o com o Congresso"},"content":{"rendered":"\n<p>A cria\u00e7\u00e3o do juiz das garantias voltou a estaca zero ap\u00f3s a decis\u00e3o do ministro Luiz Fux, do Supremo Tribunal Federal, que suspendeu, nesta quarta-feira, dia 22 de janeiro, por tempo indeterminado.<br> A implanta\u00e7\u00e3o do juiz das garantias veio no pacote anticrime aprovado no Congresso e sancionado em dezembro pelo presidente Jair Bolsonaro. A decis\u00e3o de Fux vale at\u00e9 que o plen\u00e1rio do STD analise o tema, mas n\u00e3o h\u00e1 prazo para essa decis\u00e3o. <br> O ministro Luiz Fux revogou decis\u00e3o do presidente da corte, ministro Dias Toffoli, que no \u00faltimo dia 15 adiou a implementa\u00e7\u00e3o do juiz das garantias por seis meses. Pela decis\u00e3o anterior, a nova figura entraria em vigor em julho. A decis\u00e3o de Luiz Fux recebeu elogios do ministro da Justi\u00e7a, Sergio Moro, e cr\u00edticas do presidente da C\u00e2mara, Rodrigo Maia. &#8220;A decis\u00e3o do ministro Fux \u00e9 desnecess\u00e1ria e desrespeitosa com o Parlamento brasileiro e com o governo brasileiro, com os outros Poderes&#8221;, avaliou Maia.<br> O juiz das garantias ser\u00e1 respons\u00e1vel por acompanhar os inqu\u00e9ritos, analisando pedidos de quebra de sigilo e de pris\u00e3o provis\u00f3ria, por exemplo, at\u00e9 o recebimento da den\u00fancia. Os processos criminais ficar\u00e3o sob a responsabilidade de dois ju\u00edzes, um que vai supervisionar a investiga\u00e7\u00e3o e outro que vai julgar o acusado.<\/p>\n\n\n\n<figure class=\"wp-block-gallery columns-1 is-cropped wp-block-gallery-1 is-layout-flex wp-block-gallery-is-layout-flex\"><ul class=\"blocks-gallery-grid\"><li class=\"blocks-gallery-item\"><figure><img loading=\"lazy\" decoding=\"async\" width=\"450\" height=\"337\" src=\"http:\/\/blogdorogeriogomes.com.br\/wp-content\/uploads\/2020\/01\/ministro-do-stf-luiz-fux-1579733829790_v2_450x337.jpg\" alt=\"\" data-id=\"15395\" data-full-url=\"http:\/\/blogdorogeriogomes.com.br\/wp-content\/uploads\/2020\/01\/ministro-do-stf-luiz-fux-1579733829790_v2_450x337.jpg\" data-link=\"http:\/\/blogdorogeriogomes.com.br\/?attachment_id=15395\" class=\"wp-image-15395\" srcset=\"https:\/\/blogdorogeriogomes.com.br\/noticias\/wp-content\/uploads\/2020\/01\/ministro-do-stf-luiz-fux-1579733829790_v2_450x337.jpg 450w, https:\/\/blogdorogeriogomes.com.br\/noticias\/wp-content\/uploads\/2020\/01\/ministro-do-stf-luiz-fux-1579733829790_v2_450x337-300x225.jpg 300w, https:\/\/blogdorogeriogomes.com.br\/noticias\/wp-content\/uploads\/2020\/01\/ministro-do-stf-luiz-fux-1579733829790_v2_450x337-400x300.jpg 400w\" sizes=\"auto, (max-width: 450px) 100vw, 450px\" \/><\/figure><\/li><\/ul><\/figure>\n","protected":false},"excerpt":{"rendered":"<p>A cria\u00e7\u00e3o do juiz das garantias voltou a estaca zero ap\u00f3s a decis\u00e3o do ministro Luiz Fux, do Supremo Tribunal Federal, que suspendeu, nesta quarta-feira, dia 22 de janeiro, por tempo indeterminado. A implanta\u00e7\u00e3o do juiz das garantias veio no pacote anticrime aprovado no Congresso e sancionado em dezembro pelo presidente Jair Bolsonaro. A decis\u00e3o de Fux vale at\u00e9 que o plen\u00e1rio do STD analise o tema, mas n\u00e3o h\u00e1 prazo para essa decis\u00e3o. O ministro Luiz Fux revogou&hellip;<\/p>\n","protected":false},"author":1,"featured_media":15395,"comment_status":"open","ping_status":"open","sticky":false,"template":"","format":"standard","meta":{"footnotes":""},"categories":[1],"tags":[],"class_list":["post-15394","post","type-post","status-publish","format-standard","has-post-thumbnail","hentry","category-noticias"],"_links":{"self":[{"href":"https:\/\/blogdorogeriogomes.com.br\/noticias\/wp-json\/wp\/v2\/posts\/15394","targetHints":{"allow":["GET"]}}],"collection":[{"href":"https:\/\/blogdorogeriogomes.com.br\/noticias\/wp-json\/wp\/v2\/posts"}],"about":[{"href":"https:\/\/blogdorogeriogomes.com.br\/noticias\/wp-json\/wp\/v2\/types\/post"}],"author":[{"embeddable":true,"href":"https:\/\/blogdorogeriogomes.com.br\/noticias\/wp-json\/wp\/v2\/users\/1"}],"replies":[{"embeddable":true,"href":"https:\/\/blogdorogeriogomes.com.br\/noticias\/wp-json\/wp\/v2\/comments?post=15394"}],"version-history":[{"count":1,"href":"https:\/\/blogdorogeriogomes.com.br\/noticias\/wp-json\/wp\/v2\/posts\/15394\/revisions"}],"predecessor-version":[{"id":15396,"href":"https:\/\/blogdorogeriogomes.com.br\/noticias\/wp-json\/wp\/v2\/posts\/15394\/revisions\/15396"}],"wp:featuredmedia":[{"embeddable":true,"href":"https:\/\/blogdorogeriogomes.com.br\/noticias\/wp-json\/wp\/v2\/media\/15395"}],"wp:attachment":[{"href":"https:\/\/blogdorogeriogomes.com.br\/noticias\/wp-json\/wp\/v2\/media?parent=15394"}],"wp:term":[{"taxonomy":"category","embeddable":true,"href":"https:\/\/blogdorogeriogomes.com.br\/noticias\/wp-json\/wp\/v2\/categories?post=15394"},{"taxonomy":"post_tag","embeddable":true,"href":"https:\/\/blogdorogeriogomes.com.br\/noticias\/wp-json\/wp\/v2\/tags?post=15394"}],"curies":[{"name":"wp","href":"https:\/\/api.w.org\/{rel}","templated":true}]}}