{"id":15397,"date":"2020-01-23T08:26:47","date_gmt":"2020-01-23T08:26:47","guid":{"rendered":"http:\/\/blogdorogeriogomes.com.br\/?p=15397"},"modified":"2020-01-23T12:33:09","modified_gmt":"2020-01-23T12:33:09","slug":"mpf-pede-suspensao-das-inscricoes-do-sisu-e-mostra-preocupacao-com-avalanche-de-acoes-na-justica","status":"publish","type":"post","link":"https:\/\/blogdorogeriogomes.com.br\/noticias\/2020\/01\/mpf-pede-suspensao-das-inscricoes-do-sisu-e-mostra-preocupacao-com-avalanche-de-acoes-na-justica\/","title":{"rendered":"MPF pede suspens\u00e3o das inscri\u00e7\u00f5es do Sisu e mostra preocupa\u00e7\u00e3o com avalanche de a\u00e7\u00f5es na Justi\u00e7a"},"content":{"rendered":"\n<p>O Minist\u00e9rio P\u00fablico Federal (MPF) j\u00e1 recebeu 250 representa\u00e7\u00f5es de estudantes denunciando problemas nos resultados do Exame Nacional do Ensino M\u00e9dio (Enem), em pelo menos cinco estados do Pa\u00eds, inclusive, do Cear\u00e1. Pelo menos 172 mil candidatos encaminharam mensagens ao Inep com queixas sobre erros nas notas do Enem.<br>\nO Instituto Nacional de Estudos e Pesquisas Educacionais An\u00edsio Teixeira (Inep), respons\u00e1vel pela aplica\u00e7\u00e3o do Enem, admitiu que 5.974 candidatos foram afetados com erros na nota do Enem.<br>\nO MPF j\u00e1 pediu ao Governo Bolsonaro para que sejam suspensas as inscri\u00e7\u00f5es do Sisu (Sistema de Sele\u00e7\u00e3o Unificada), diante dos erros nas corre\u00e7\u00f5es. Quer ainda que seja feita nova confer\u00eancia dos gabaritos de todos os candidatos para assegurar a idoneidade do exame.<br>\nO que preocupa os procuradores do MPF \u00e9 a sinaliza\u00e7\u00e3o de que o erro na corre\u00e7\u00e3o do Enem vai se transformar em uma avalanche de a\u00e7\u00f5es na Justi\u00e7a.<\/p>\n\n\n\n<figure class=\"wp-block-gallery columns-1 is-cropped wp-block-gallery-1 is-layout-flex wp-block-gallery-is-layout-flex\"><ul class=\"blocks-gallery-grid\"><li class=\"blocks-gallery-item\"><figure><img loading=\"lazy\" decoding=\"async\" width=\"678\" height=\"452\" src=\"http:\/\/blogdorogeriogomes.com.br\/wp-content\/uploads\/2020\/01\/images-2020-01-23T051347.815.jpeg\" alt=\"\" data-id=\"15398\" data-full-url=\"http:\/\/blogdorogeriogomes.com.br\/wp-content\/uploads\/2020\/01\/images-2020-01-23T051347.815.jpeg\" data-link=\"http:\/\/blogdorogeriogomes.com.br\/?attachment_id=15398\" class=\"wp-image-15398\" srcset=\"https:\/\/blogdorogeriogomes.com.br\/noticias\/wp-content\/uploads\/2020\/01\/images-2020-01-23T051347.815.jpeg 678w, https:\/\/blogdorogeriogomes.com.br\/noticias\/wp-content\/uploads\/2020\/01\/images-2020-01-23T051347.815-300x200.jpeg 300w\" sizes=\"auto, (max-width: 678px) 100vw, 678px\" \/><\/figure><\/li><\/ul><\/figure>\n","protected":false},"excerpt":{"rendered":"<p>O Minist\u00e9rio P\u00fablico Federal (MPF) j\u00e1 recebeu 250 representa\u00e7\u00f5es de estudantes denunciando problemas nos resultados do Exame Nacional do Ensino M\u00e9dio (Enem), em pelo menos cinco estados do Pa\u00eds, inclusive, do Cear\u00e1. Pelo menos 172 mil candidatos encaminharam mensagens ao Inep com queixas sobre erros nas notas do Enem. O Instituto Nacional de Estudos e Pesquisas Educacionais An\u00edsio Teixeira (Inep), respons\u00e1vel pela aplica\u00e7\u00e3o do Enem, admitiu que 5.974 candidatos foram afetados com erros na nota do Enem. O MPF&hellip;<\/p>\n","protected":false},"author":1,"featured_media":15398,"comment_status":"open","ping_status":"open","sticky":false,"template":"","format":"standard","meta":{"footnotes":""},"categories":[1],"tags":[],"class_list":["post-15397","post","type-post","status-publish","format-standard","has-post-thumbnail","hentry","category-noticias"],"_links":{"self":[{"href":"https:\/\/blogdorogeriogomes.com.br\/noticias\/wp-json\/wp\/v2\/posts\/15397","targetHints":{"allow":["GET"]}}],"collection":[{"href":"https:\/\/blogdorogeriogomes.com.br\/noticias\/wp-json\/wp\/v2\/posts"}],"about":[{"href":"https:\/\/blogdorogeriogomes.com.br\/noticias\/wp-json\/wp\/v2\/types\/post"}],"author":[{"embeddable":true,"href":"https:\/\/blogdorogeriogomes.com.br\/noticias\/wp-json\/wp\/v2\/users\/1"}],"replies":[{"embeddable":true,"href":"https:\/\/blogdorogeriogomes.com.br\/noticias\/wp-json\/wp\/v2\/comments?post=15397"}],"version-history":[{"count":1,"href":"https:\/\/blogdorogeriogomes.com.br\/noticias\/wp-json\/wp\/v2\/posts\/15397\/revisions"}],"predecessor-version":[{"id":15399,"href":"https:\/\/blogdorogeriogomes.com.br\/noticias\/wp-json\/wp\/v2\/posts\/15397\/revisions\/15399"}],"wp:featuredmedia":[{"embeddable":true,"href":"https:\/\/blogdorogeriogomes.com.br\/noticias\/wp-json\/wp\/v2\/media\/15398"}],"wp:attachment":[{"href":"https:\/\/blogdorogeriogomes.com.br\/noticias\/wp-json\/wp\/v2\/media?parent=15397"}],"wp:term":[{"taxonomy":"category","embeddable":true,"href":"https:\/\/blogdorogeriogomes.com.br\/noticias\/wp-json\/wp\/v2\/categories?post=15397"},{"taxonomy":"post_tag","embeddable":true,"href":"https:\/\/blogdorogeriogomes.com.br\/noticias\/wp-json\/wp\/v2\/tags?post=15397"}],"curies":[{"name":"wp","href":"https:\/\/api.w.org\/{rel}","templated":true}]}}