{"id":15400,"date":"2020-01-23T20:11:38","date_gmt":"2020-01-23T20:11:38","guid":{"rendered":"http:\/\/blogdorogeriogomes.com.br\/?p=15400"},"modified":"2020-01-24T10:09:36","modified_gmt":"2020-01-24T10:09:36","slug":"forca-nacional-de-seguranca-reforca-por-mais-180-dias-acoes-da-pf-contra-crime-organizado-no-ceara","status":"publish","type":"post","link":"https:\/\/blogdorogeriogomes.com.br\/noticias\/2020\/01\/forca-nacional-de-seguranca-reforca-por-mais-180-dias-acoes-da-pf-contra-crime-organizado-no-ceara\/","title":{"rendered":"For\u00e7a Nacional de Seguran\u00e7a refor\u00e7a por mais 180 dias a\u00e7\u00f5es da PF contra crime organizado no Cear\u00e1"},"content":{"rendered":"\n<p>A\u00e7\u00f5es da Pol\u00edcia Federal no Cear\u00e1 contra o crime organizado v\u00e3o contar com o apoio da For\u00e7a Nacional de Seguran\u00e7a. Portaria do Minist\u00e9rio da Justi\u00e7a, publicada no Di\u00e1rio Oficial da Uni\u00e3o desta quinta-feira, dia 23 de janeiro, determina a perman\u00eancia da tropa no Estado por 180 dias. A Pol\u00edcia Federal, no entanto, n\u00e3o revela a quantidade de homens utilizada nas opera\u00e7\u00f5es contra fac\u00e7\u00f5es criminosas que atuam tanto na Capital, quanto no interior do Cear\u00e1.<br>\nAp\u00f3s ataques a \u00f4nibus e pr\u00e9dios p\u00fablicos em v\u00e1rios munic\u00edpios cearenses em 2019, uma for\u00e7a conjunta de v\u00e1rios \u00f3rg\u00e3os de seguran\u00e7a p\u00fablica vem fazendo frente \u00e0s organiza\u00e7\u00f5es criminosas com a pris\u00e3o de muitas lideran\u00e7as, al\u00e9m da transfer\u00eancia de presos para penitenci\u00e1rias federais.<\/p>\n\n\n\n<figure class=\"wp-block-gallery columns-1 is-cropped wp-block-gallery-1 is-layout-flex wp-block-gallery-is-layout-flex\"><ul class=\"blocks-gallery-grid\"><li class=\"blocks-gallery-item\"><figure><img loading=\"lazy\" decoding=\"async\" width=\"678\" height=\"452\" src=\"http:\/\/blogdorogeriogomes.com.br\/wp-content\/uploads\/2020\/01\/images-2020-01-23T165236.780.jpeg\" alt=\"\" data-id=\"15401\" data-full-url=\"http:\/\/blogdorogeriogomes.com.br\/wp-content\/uploads\/2020\/01\/images-2020-01-23T165236.780.jpeg\" data-link=\"http:\/\/blogdorogeriogomes.com.br\/?attachment_id=15401\" class=\"wp-image-15401\" srcset=\"https:\/\/blogdorogeriogomes.com.br\/noticias\/wp-content\/uploads\/2020\/01\/images-2020-01-23T165236.780.jpeg 678w, https:\/\/blogdorogeriogomes.com.br\/noticias\/wp-content\/uploads\/2020\/01\/images-2020-01-23T165236.780-300x200.jpeg 300w\" sizes=\"auto, (max-width: 678px) 100vw, 678px\" \/><\/figure><\/li><\/ul><\/figure>\n","protected":false},"excerpt":{"rendered":"<p>A\u00e7\u00f5es da Pol\u00edcia Federal no Cear\u00e1 contra o crime organizado v\u00e3o contar com o apoio da For\u00e7a Nacional de Seguran\u00e7a. Portaria do Minist\u00e9rio da Justi\u00e7a, publicada no Di\u00e1rio Oficial da Uni\u00e3o desta quinta-feira, dia 23 de janeiro, determina a perman\u00eancia da tropa no Estado por 180 dias. A Pol\u00edcia Federal, no entanto, n\u00e3o revela a quantidade de homens utilizada nas opera\u00e7\u00f5es contra fac\u00e7\u00f5es criminosas que atuam tanto na Capital, quanto no interior do Cear\u00e1. Ap\u00f3s ataques a \u00f4nibus e&hellip;<\/p>\n","protected":false},"author":1,"featured_media":15401,"comment_status":"open","ping_status":"open","sticky":false,"template":"","format":"standard","meta":{"footnotes":""},"categories":[1],"tags":[],"class_list":["post-15400","post","type-post","status-publish","format-standard","has-post-thumbnail","hentry","category-noticias"],"_links":{"self":[{"href":"https:\/\/blogdorogeriogomes.com.br\/noticias\/wp-json\/wp\/v2\/posts\/15400","targetHints":{"allow":["GET"]}}],"collection":[{"href":"https:\/\/blogdorogeriogomes.com.br\/noticias\/wp-json\/wp\/v2\/posts"}],"about":[{"href":"https:\/\/blogdorogeriogomes.com.br\/noticias\/wp-json\/wp\/v2\/types\/post"}],"author":[{"embeddable":true,"href":"https:\/\/blogdorogeriogomes.com.br\/noticias\/wp-json\/wp\/v2\/users\/1"}],"replies":[{"embeddable":true,"href":"https:\/\/blogdorogeriogomes.com.br\/noticias\/wp-json\/wp\/v2\/comments?post=15400"}],"version-history":[{"count":1,"href":"https:\/\/blogdorogeriogomes.com.br\/noticias\/wp-json\/wp\/v2\/posts\/15400\/revisions"}],"predecessor-version":[{"id":15402,"href":"https:\/\/blogdorogeriogomes.com.br\/noticias\/wp-json\/wp\/v2\/posts\/15400\/revisions\/15402"}],"wp:featuredmedia":[{"embeddable":true,"href":"https:\/\/blogdorogeriogomes.com.br\/noticias\/wp-json\/wp\/v2\/media\/15401"}],"wp:attachment":[{"href":"https:\/\/blogdorogeriogomes.com.br\/noticias\/wp-json\/wp\/v2\/media?parent=15400"}],"wp:term":[{"taxonomy":"category","embeddable":true,"href":"https:\/\/blogdorogeriogomes.com.br\/noticias\/wp-json\/wp\/v2\/categories?post=15400"},{"taxonomy":"post_tag","embeddable":true,"href":"https:\/\/blogdorogeriogomes.com.br\/noticias\/wp-json\/wp\/v2\/tags?post=15400"}],"curies":[{"name":"wp","href":"https:\/\/api.w.org\/{rel}","templated":true}]}}