{"id":15403,"date":"2020-01-23T20:40:07","date_gmt":"2020-01-23T20:40:07","guid":{"rendered":"http:\/\/blogdorogeriogomes.com.br\/?p=15403"},"modified":"2020-01-24T10:09:03","modified_gmt":"2020-01-24T10:09:03","slug":"bolsonaro-admite-dividir-ministerio-de-sergio-moro-estudo-pode-enfraquecer-poderes-do-ex-juiz","status":"publish","type":"post","link":"https:\/\/blogdorogeriogomes.com.br\/noticias\/2020\/01\/bolsonaro-admite-dividir-ministerio-de-sergio-moro-estudo-pode-enfraquecer-poderes-do-ex-juiz\/","title":{"rendered":"Bolsonaro admite dividir Minist\u00e9rio de Sergio Moro. Estudo pode enfraquecer poderes do ex-juiz"},"content":{"rendered":"\n<p>O presidente Jair Bolsonaro admitiu, nesta quinta-feira, dia 23 de janeiro, a possibilidade de esvaziar os poderes de Sergio Moro, hoje ministro da Justi\u00e7a e da Seguran\u00e7a P\u00fablica. O enfraquecimento de Moro, em n\u00edvel de Minist\u00e9rio, aconteceria com a recria\u00e7\u00e3o da pasta da Seguran\u00e7a P\u00fablica, separadamente da Justi\u00e7a, como era antes. \u00c9 claro, para Sergio Moro, a ideia n\u00e3o \u00e9 nem um pouco bem vinda. Isto porque, o status de &#8220;superministro&#8221;, que j\u00e1 est\u00e1 bem enfraquecido, deixaria de existir em definitivo.<br>\nA pesquisa da CNT, publicada esta semana, que coloca Bolsonaro na lideran\u00e7a das inten\u00e7\u00f5es de voto para 2022 e Sergio Moro ainda com poucos pontos percentuais, parece ter deixado o Presidente da Rep\u00fablica e seus assessores empolgados. Cada vez mais, alimentam a possibilidade de amanh\u00e3 Sergio Moro vir a ser um concorrente.<br>\nEm Bras\u00edlia, crescem as especula\u00e7\u00f5es sobre a insatisfa\u00e7\u00e3o de Moro com o estudo j\u00e1 anunciado por Bolsonaro de dividir as atribui\u00e7\u00f5es do Minist\u00e9rio da Justi\u00e7a e Seguran\u00e7a P\u00fablica. \u00c9 esperar pra ver a atitude a ser tomada pelo ex-juiz.<\/p>\n\n\n\n<figure class=\"wp-block-gallery columns-1 is-cropped wp-block-gallery-1 is-layout-flex wp-block-gallery-is-layout-flex\"><ul class=\"blocks-gallery-grid\"><li class=\"blocks-gallery-item\"><figure><img loading=\"lazy\" decoding=\"async\" width=\"715\" height=\"429\" src=\"http:\/\/blogdorogeriogomes.com.br\/wp-content\/uploads\/2020\/01\/images-2020-01-23T172035.982.jpeg\" alt=\"\" data-id=\"15404\" data-full-url=\"http:\/\/blogdorogeriogomes.com.br\/wp-content\/uploads\/2020\/01\/images-2020-01-23T172035.982.jpeg\" data-link=\"http:\/\/blogdorogeriogomes.com.br\/?attachment_id=15404\" class=\"wp-image-15404\" srcset=\"https:\/\/blogdorogeriogomes.com.br\/noticias\/wp-content\/uploads\/2020\/01\/images-2020-01-23T172035.982.jpeg 715w, https:\/\/blogdorogeriogomes.com.br\/noticias\/wp-content\/uploads\/2020\/01\/images-2020-01-23T172035.982-300x180.jpeg 300w\" sizes=\"auto, (max-width: 715px) 100vw, 715px\" \/><\/figure><\/li><\/ul><\/figure>\n","protected":false},"excerpt":{"rendered":"<p>O presidente Jair Bolsonaro admitiu, nesta quinta-feira, dia 23 de janeiro, a possibilidade de esvaziar os poderes de Sergio Moro, hoje ministro da Justi\u00e7a e da Seguran\u00e7a P\u00fablica. O enfraquecimento de Moro, em n\u00edvel de Minist\u00e9rio, aconteceria com a recria\u00e7\u00e3o da pasta da Seguran\u00e7a P\u00fablica, separadamente da Justi\u00e7a, como era antes. \u00c9 claro, para Sergio Moro, a ideia n\u00e3o \u00e9 nem um pouco bem vinda. Isto porque, o status de &#8220;superministro&#8221;, que j\u00e1 est\u00e1 bem enfraquecido, deixaria de existir&hellip;<\/p>\n","protected":false},"author":1,"featured_media":15404,"comment_status":"open","ping_status":"open","sticky":false,"template":"","format":"standard","meta":{"footnotes":""},"categories":[1],"tags":[],"class_list":["post-15403","post","type-post","status-publish","format-standard","has-post-thumbnail","hentry","category-noticias"],"_links":{"self":[{"href":"https:\/\/blogdorogeriogomes.com.br\/noticias\/wp-json\/wp\/v2\/posts\/15403","targetHints":{"allow":["GET"]}}],"collection":[{"href":"https:\/\/blogdorogeriogomes.com.br\/noticias\/wp-json\/wp\/v2\/posts"}],"about":[{"href":"https:\/\/blogdorogeriogomes.com.br\/noticias\/wp-json\/wp\/v2\/types\/post"}],"author":[{"embeddable":true,"href":"https:\/\/blogdorogeriogomes.com.br\/noticias\/wp-json\/wp\/v2\/users\/1"}],"replies":[{"embeddable":true,"href":"https:\/\/blogdorogeriogomes.com.br\/noticias\/wp-json\/wp\/v2\/comments?post=15403"}],"version-history":[{"count":1,"href":"https:\/\/blogdorogeriogomes.com.br\/noticias\/wp-json\/wp\/v2\/posts\/15403\/revisions"}],"predecessor-version":[{"id":15405,"href":"https:\/\/blogdorogeriogomes.com.br\/noticias\/wp-json\/wp\/v2\/posts\/15403\/revisions\/15405"}],"wp:featuredmedia":[{"embeddable":true,"href":"https:\/\/blogdorogeriogomes.com.br\/noticias\/wp-json\/wp\/v2\/media\/15404"}],"wp:attachment":[{"href":"https:\/\/blogdorogeriogomes.com.br\/noticias\/wp-json\/wp\/v2\/media?parent=15403"}],"wp:term":[{"taxonomy":"category","embeddable":true,"href":"https:\/\/blogdorogeriogomes.com.br\/noticias\/wp-json\/wp\/v2\/categories?post=15403"},{"taxonomy":"post_tag","embeddable":true,"href":"https:\/\/blogdorogeriogomes.com.br\/noticias\/wp-json\/wp\/v2\/tags?post=15403"}],"curies":[{"name":"wp","href":"https:\/\/api.w.org\/{rel}","templated":true}]}}