{"id":15406,"date":"2020-01-23T20:59:47","date_gmt":"2020-01-23T20:59:47","guid":{"rendered":"http:\/\/blogdorogeriogomes.com.br\/?p=15406"},"modified":"2020-01-24T10:08:29","modified_gmt":"2020-01-24T10:08:29","slug":"abertas-as-inscricoes-para-o-1-congresso-nacional-de-gestao-publica-em-fortaleza","status":"publish","type":"post","link":"https:\/\/blogdorogeriogomes.com.br\/noticias\/2020\/01\/abertas-as-inscricoes-para-o-1-congresso-nacional-de-gestao-publica-em-fortaleza\/","title":{"rendered":"Abertas as inscri\u00e7\u00f5es para o 1\u00b0 Congresso Nacional de Gest\u00e3o P\u00fablica em Fortaleza"},"content":{"rendered":"\n<p>Est\u00e3o abertas as inscri\u00e7\u00f5es para o 1\u00b0 Congresso Nacional de Gest\u00e3o P\u00fablica para Resultados. Realizado pela Secretaria do Planejamento e Gest\u00e3o do Cear\u00e1 (Seplag), pela Secretaria da Sa\u00fade (Sesa) e pela Escola de Sa\u00fade P\u00fablica do Cear\u00e1 Paulo Marcelo Martins Rodrigues, o evento reunir\u00e1, entre os dias 11 e 13 de mar\u00e7o de 2020, pesquisadores, professores, acad\u00eamicos, lideran\u00e7as pol\u00edticas e gestores que atuam no campo da gest\u00e3o p\u00fablica de todo o Brasil.<\/p>\n\n\n\n<p>De perfil t\u00e9cnico e cient\u00edfico, o Congresso ter\u00e1 como tema \u201cInova\u00e7\u00e3o e Desafios na Gest\u00e3o das Pol\u00edticas P\u00fablicas\u201d e objetiva propor importantes trocas de conhecimento e experi\u00eancias entre os participantes a partir de uma rica agenda de atividades compostas por pain\u00e9is, short talks, entrevistas, confer\u00eancias, apresenta\u00e7\u00f5es de trabalhos cient\u00edficos. <\/p>\n\n\n\n<p>A programa\u00e7\u00e3o  contar\u00e1 com a presen\u00e7a do governador do Estado, Camilo Santana, da vice-governadora Izolda Cela, do Secret\u00e1rio Estadual de Sa\u00fade, Carlos Roberto Martins Rodrigues (Dr. Cabeto), Fl\u00e1vio Juc\u00e1, Secret\u00e1rio do Planejamento e Gest\u00e3o, e Marcelo Alcantara, superintendente da ESP-CE.<\/p>\n\n\n\n<figure class=\"wp-block-gallery columns-1 is-cropped wp-block-gallery-1 is-layout-flex wp-block-gallery-is-layout-flex\"><ul class=\"blocks-gallery-grid\"><li class=\"blocks-gallery-item\"><figure><img loading=\"lazy\" decoding=\"async\" width=\"555\" height=\"410\" src=\"http:\/\/blogdorogeriogomes.com.br\/wp-content\/uploads\/2020\/01\/images-2020-01-23T175859.038.jpeg\" alt=\"\" data-id=\"15407\" data-full-url=\"http:\/\/blogdorogeriogomes.com.br\/wp-content\/uploads\/2020\/01\/images-2020-01-23T175859.038.jpeg\" data-link=\"http:\/\/blogdorogeriogomes.com.br\/?attachment_id=15407\" class=\"wp-image-15407\" srcset=\"https:\/\/blogdorogeriogomes.com.br\/noticias\/wp-content\/uploads\/2020\/01\/images-2020-01-23T175859.038.jpeg 555w, https:\/\/blogdorogeriogomes.com.br\/noticias\/wp-content\/uploads\/2020\/01\/images-2020-01-23T175859.038-300x222.jpeg 300w\" sizes=\"auto, (max-width: 555px) 100vw, 555px\" \/><\/figure><\/li><\/ul><\/figure>\n","protected":false},"excerpt":{"rendered":"<p>Est\u00e3o abertas as inscri\u00e7\u00f5es para o 1\u00b0 Congresso Nacional de Gest\u00e3o P\u00fablica para Resultados. Realizado pela Secretaria do Planejamento e Gest\u00e3o do Cear\u00e1 (Seplag), pela Secretaria da Sa\u00fade (Sesa) e pela Escola de Sa\u00fade P\u00fablica do Cear\u00e1 Paulo Marcelo Martins Rodrigues, o evento reunir\u00e1, entre os dias 11 e 13 de mar\u00e7o de 2020, pesquisadores, professores, acad\u00eamicos, lideran\u00e7as pol\u00edticas e gestores que atuam no campo da gest\u00e3o p\u00fablica de todo o Brasil. De perfil t\u00e9cnico e cient\u00edfico, o Congresso&hellip;<\/p>\n","protected":false},"author":1,"featured_media":15407,"comment_status":"open","ping_status":"open","sticky":false,"template":"","format":"standard","meta":{"footnotes":""},"categories":[1],"tags":[],"class_list":["post-15406","post","type-post","status-publish","format-standard","has-post-thumbnail","hentry","category-noticias"],"_links":{"self":[{"href":"https:\/\/blogdorogeriogomes.com.br\/noticias\/wp-json\/wp\/v2\/posts\/15406","targetHints":{"allow":["GET"]}}],"collection":[{"href":"https:\/\/blogdorogeriogomes.com.br\/noticias\/wp-json\/wp\/v2\/posts"}],"about":[{"href":"https:\/\/blogdorogeriogomes.com.br\/noticias\/wp-json\/wp\/v2\/types\/post"}],"author":[{"embeddable":true,"href":"https:\/\/blogdorogeriogomes.com.br\/noticias\/wp-json\/wp\/v2\/users\/1"}],"replies":[{"embeddable":true,"href":"https:\/\/blogdorogeriogomes.com.br\/noticias\/wp-json\/wp\/v2\/comments?post=15406"}],"version-history":[{"count":1,"href":"https:\/\/blogdorogeriogomes.com.br\/noticias\/wp-json\/wp\/v2\/posts\/15406\/revisions"}],"predecessor-version":[{"id":15408,"href":"https:\/\/blogdorogeriogomes.com.br\/noticias\/wp-json\/wp\/v2\/posts\/15406\/revisions\/15408"}],"wp:featuredmedia":[{"embeddable":true,"href":"https:\/\/blogdorogeriogomes.com.br\/noticias\/wp-json\/wp\/v2\/media\/15407"}],"wp:attachment":[{"href":"https:\/\/blogdorogeriogomes.com.br\/noticias\/wp-json\/wp\/v2\/media?parent=15406"}],"wp:term":[{"taxonomy":"category","embeddable":true,"href":"https:\/\/blogdorogeriogomes.com.br\/noticias\/wp-json\/wp\/v2\/categories?post=15406"},{"taxonomy":"post_tag","embeddable":true,"href":"https:\/\/blogdorogeriogomes.com.br\/noticias\/wp-json\/wp\/v2\/tags?post=15406"}],"curies":[{"name":"wp","href":"https:\/\/api.w.org\/{rel}","templated":true}]}}