{"id":15412,"date":"2020-01-24T09:23:43","date_gmt":"2020-01-24T09:23:43","guid":{"rendered":"http:\/\/blogdorogeriogomes.com.br\/?p=15412"},"modified":"2020-01-24T10:07:47","modified_gmt":"2020-01-24T10:07:47","slug":"estado-e-municipio-entregam-nova-mini-areninha-do-vila-uniao-em-fortaleza","status":"publish","type":"post","link":"https:\/\/blogdorogeriogomes.com.br\/noticias\/2020\/01\/estado-e-municipio-entregam-nova-mini-areninha-do-vila-uniao-em-fortaleza\/","title":{"rendered":"Estado e Munic\u00edpio entregam nova Mini Areninha do Vila Uni\u00e3o em Fortaleza"},"content":{"rendered":"\n<p>O prefeito de Fortaleza, Roberto Cl\u00e1udio, e a vice-governadora do Cear\u00e1, Izolda Cela, entregaram a 20\u00aa Mini Areninha de Fortaleza. O equipamento, instalado no bairro Vila Uni\u00e3o, estimula a inclus\u00e3o social por meio do esporte e do lazer. A iniciativa re\u00fane esfor\u00e7os da Prefeitura de Fortaleza e do Governo do Estado do Cear\u00e1 por meio do Programa Juntos por Fortaleza.<br>Diversas estruturas comp\u00f5em o espa\u00e7o. Dentre elas, campo de 540 m\u00b2 com gramado sint\u00e9tico, alambrado, refletores, campinho de areia e projeto paisag\u00edstico. O entorno do equipamento foi contemplado, ainda, com a instala\u00e7\u00e3o de luz branca, a padroniza\u00e7\u00e3o de cal\u00e7adas e a instala\u00e7\u00e3o de mobili\u00e1rios urbanos.<br>Os recursos investidos foram da ordem de R$ 167 mil. De acordo com o prefeito, al\u00e9m de urbanizar e requalificar campos de futebol em \u00e1reas estrat\u00e9gicas da Capital, o objetivo \u00e9 entregar \u00e0 popula\u00e7\u00e3o um espa\u00e7o seguro de conviv\u00eancia e forma\u00e7\u00e3o cidad\u00e3.<\/p>\n\n\n\n<figure class=\"wp-block-gallery columns-1 is-cropped wp-block-gallery-1 is-layout-flex wp-block-gallery-is-layout-flex\"><ul class=\"blocks-gallery-grid\"><li class=\"blocks-gallery-item\"><figure><img loading=\"lazy\" decoding=\"async\" width=\"1024\" height=\"602\" src=\"http:\/\/blogdorogeriogomes.com.br\/wp-content\/uploads\/2020\/01\/22-01-2020-Mini-Areninha-Francisco-Daltro-Vasconcelos-IMG_23012020_070217_3064_x_1800_pixel-1024x602.jpg\" alt=\"\" data-id=\"15413\" data-full-url=\"http:\/\/blogdorogeriogomes.com.br\/wp-content\/uploads\/2020\/01\/22-01-2020-Mini-Areninha-Francisco-Daltro-Vasconcelos-IMG_23012020_070217_3064_x_1800_pixel-scaled.jpg\" data-link=\"http:\/\/blogdorogeriogomes.com.br\/?attachment_id=15413\" class=\"wp-image-15413\" srcset=\"https:\/\/blogdorogeriogomes.com.br\/noticias\/wp-content\/uploads\/2020\/01\/22-01-2020-Mini-Areninha-Francisco-Daltro-Vasconcelos-IMG_23012020_070217_3064_x_1800_pixel-1024x602.jpg 1024w, https:\/\/blogdorogeriogomes.com.br\/noticias\/wp-content\/uploads\/2020\/01\/22-01-2020-Mini-Areninha-Francisco-Daltro-Vasconcelos-IMG_23012020_070217_3064_x_1800_pixel-300x176.jpg 300w, https:\/\/blogdorogeriogomes.com.br\/noticias\/wp-content\/uploads\/2020\/01\/22-01-2020-Mini-Areninha-Francisco-Daltro-Vasconcelos-IMG_23012020_070217_3064_x_1800_pixel-768x451.jpg 768w, https:\/\/blogdorogeriogomes.com.br\/noticias\/wp-content\/uploads\/2020\/01\/22-01-2020-Mini-Areninha-Francisco-Daltro-Vasconcelos-IMG_23012020_070217_3064_x_1800_pixel-1536x902.jpg 1536w, https:\/\/blogdorogeriogomes.com.br\/noticias\/wp-content\/uploads\/2020\/01\/22-01-2020-Mini-Areninha-Francisco-Daltro-Vasconcelos-IMG_23012020_070217_3064_x_1800_pixel-2048x1203.jpg 2048w, https:\/\/blogdorogeriogomes.com.br\/noticias\/wp-content\/uploads\/2020\/01\/22-01-2020-Mini-Areninha-Francisco-Daltro-Vasconcelos-IMG_23012020_070217_3064_x_1800_pixel-800x470.jpg 800w\" sizes=\"auto, (max-width: 1024px) 100vw, 1024px\" \/><\/figure><\/li><\/ul><\/figure>\n","protected":false},"excerpt":{"rendered":"<p>O prefeito de Fortaleza, Roberto Cl\u00e1udio, e a vice-governadora do Cear\u00e1, Izolda Cela, entregaram a 20\u00aa Mini Areninha de Fortaleza. O equipamento, instalado no bairro Vila Uni\u00e3o, estimula a inclus\u00e3o social por meio do esporte e do lazer. A iniciativa re\u00fane esfor\u00e7os da Prefeitura de Fortaleza e do Governo do Estado do Cear\u00e1 por meio do Programa Juntos por Fortaleza.Diversas estruturas comp\u00f5em o espa\u00e7o. Dentre elas, campo de 540 m\u00b2 com gramado sint\u00e9tico, alambrado, refletores, campinho de areia e&hellip;<\/p>\n","protected":false},"author":1,"featured_media":15413,"comment_status":"open","ping_status":"open","sticky":false,"template":"","format":"standard","meta":{"footnotes":""},"categories":[1],"tags":[],"class_list":["post-15412","post","type-post","status-publish","format-standard","has-post-thumbnail","hentry","category-noticias"],"_links":{"self":[{"href":"https:\/\/blogdorogeriogomes.com.br\/noticias\/wp-json\/wp\/v2\/posts\/15412","targetHints":{"allow":["GET"]}}],"collection":[{"href":"https:\/\/blogdorogeriogomes.com.br\/noticias\/wp-json\/wp\/v2\/posts"}],"about":[{"href":"https:\/\/blogdorogeriogomes.com.br\/noticias\/wp-json\/wp\/v2\/types\/post"}],"author":[{"embeddable":true,"href":"https:\/\/blogdorogeriogomes.com.br\/noticias\/wp-json\/wp\/v2\/users\/1"}],"replies":[{"embeddable":true,"href":"https:\/\/blogdorogeriogomes.com.br\/noticias\/wp-json\/wp\/v2\/comments?post=15412"}],"version-history":[{"count":1,"href":"https:\/\/blogdorogeriogomes.com.br\/noticias\/wp-json\/wp\/v2\/posts\/15412\/revisions"}],"predecessor-version":[{"id":15414,"href":"https:\/\/blogdorogeriogomes.com.br\/noticias\/wp-json\/wp\/v2\/posts\/15412\/revisions\/15414"}],"wp:featuredmedia":[{"embeddable":true,"href":"https:\/\/blogdorogeriogomes.com.br\/noticias\/wp-json\/wp\/v2\/media\/15413"}],"wp:attachment":[{"href":"https:\/\/blogdorogeriogomes.com.br\/noticias\/wp-json\/wp\/v2\/media?parent=15412"}],"wp:term":[{"taxonomy":"category","embeddable":true,"href":"https:\/\/blogdorogeriogomes.com.br\/noticias\/wp-json\/wp\/v2\/categories?post=15412"},{"taxonomy":"post_tag","embeddable":true,"href":"https:\/\/blogdorogeriogomes.com.br\/noticias\/wp-json\/wp\/v2\/tags?post=15412"}],"curies":[{"name":"wp","href":"https:\/\/api.w.org\/{rel}","templated":true}]}}