{"id":15420,"date":"2020-01-26T18:34:10","date_gmt":"2020-01-26T18:34:10","guid":{"rendered":"http:\/\/blogdorogeriogomes.com.br\/?p=15420"},"modified":"2020-01-27T09:45:28","modified_gmt":"2020-01-27T09:45:28","slug":"fortaleza-registra-chuvas-com-rajadas-de-vento-que-chegam-a-47km-h","status":"publish","type":"post","link":"https:\/\/blogdorogeriogomes.com.br\/noticias\/2020\/01\/fortaleza-registra-chuvas-com-rajadas-de-vento-que-chegam-a-47km-h\/","title":{"rendered":"Fortaleza registra chuvas com rajadas de vento que chegam a 47km\/h"},"content":{"rendered":"\n<p>Fortaleza registrou, neste domingo, dia 26 de janeiro, chuvas carregadas de rajadas de vento que, segundo a Funceme, chegaram a 47km\/h. Com isso, a cidade teve registro de quedas de galhos de \u00e1rvores e at\u00e9 o telhado do Aeroporto de Fortaleza saiu do lugar em parte da estrutura.<br>\nTamb\u00e9m houve registro de falta de energia em alguns bairros da Capital. A causa foi um desarme da linha de distribui\u00e7\u00e3o de alta tens\u00e3o \u00c1gua Fria &#8211; Papicu. A Enel garante que o servi\u00e7o de fornecimento de energia j\u00e1 foi restabelecido em toda Fortaleza.<br>\nPara esta segunda-feira, dia 27, a previs\u00e3o da Funceme \u00e9 de predom\u00ednio de nebulosidade vari\u00e1vel em todas as regi\u00f5es com possibilidade de chuva na faixa litor\u00e2nea, na Serra da Ibiapaba e no Maci\u00e7o de Baturit\u00e9. Tamb\u00e9m h\u00e1 previs\u00e3o de chuvas para a regi\u00e3o Centro-Sul.<\/p>\n\n\n\n<figure class=\"wp-block-gallery columns-1 is-cropped wp-block-gallery-1 is-layout-flex wp-block-gallery-is-layout-flex\"><ul class=\"blocks-gallery-grid\"><li class=\"blocks-gallery-item\"><figure><img loading=\"lazy\" decoding=\"async\" width=\"678\" height=\"452\" src=\"http:\/\/blogdorogeriogomes.com.br\/wp-content\/uploads\/2020\/01\/images-2020-01-26T151924.997.jpeg\" alt=\"\" data-id=\"15421\" data-full-url=\"http:\/\/blogdorogeriogomes.com.br\/wp-content\/uploads\/2020\/01\/images-2020-01-26T151924.997.jpeg\" data-link=\"http:\/\/blogdorogeriogomes.com.br\/?attachment_id=15421\" class=\"wp-image-15421\" srcset=\"https:\/\/blogdorogeriogomes.com.br\/noticias\/wp-content\/uploads\/2020\/01\/images-2020-01-26T151924.997.jpeg 678w, https:\/\/blogdorogeriogomes.com.br\/noticias\/wp-content\/uploads\/2020\/01\/images-2020-01-26T151924.997-300x200.jpeg 300w\" sizes=\"auto, (max-width: 678px) 100vw, 678px\" \/><\/figure><\/li><\/ul><\/figure>\n","protected":false},"excerpt":{"rendered":"<p>Fortaleza registrou, neste domingo, dia 26 de janeiro, chuvas carregadas de rajadas de vento que, segundo a Funceme, chegaram a 47km\/h. Com isso, a cidade teve registro de quedas de galhos de \u00e1rvores e at\u00e9 o telhado do Aeroporto de Fortaleza saiu do lugar em parte da estrutura. Tamb\u00e9m houve registro de falta de energia em alguns bairros da Capital. A causa foi um desarme da linha de distribui\u00e7\u00e3o de alta tens\u00e3o \u00c1gua Fria &#8211; Papicu. A Enel garante&hellip;<\/p>\n","protected":false},"author":1,"featured_media":15421,"comment_status":"open","ping_status":"open","sticky":false,"template":"","format":"standard","meta":{"footnotes":""},"categories":[1],"tags":[],"class_list":["post-15420","post","type-post","status-publish","format-standard","has-post-thumbnail","hentry","category-noticias"],"_links":{"self":[{"href":"https:\/\/blogdorogeriogomes.com.br\/noticias\/wp-json\/wp\/v2\/posts\/15420","targetHints":{"allow":["GET"]}}],"collection":[{"href":"https:\/\/blogdorogeriogomes.com.br\/noticias\/wp-json\/wp\/v2\/posts"}],"about":[{"href":"https:\/\/blogdorogeriogomes.com.br\/noticias\/wp-json\/wp\/v2\/types\/post"}],"author":[{"embeddable":true,"href":"https:\/\/blogdorogeriogomes.com.br\/noticias\/wp-json\/wp\/v2\/users\/1"}],"replies":[{"embeddable":true,"href":"https:\/\/blogdorogeriogomes.com.br\/noticias\/wp-json\/wp\/v2\/comments?post=15420"}],"version-history":[{"count":1,"href":"https:\/\/blogdorogeriogomes.com.br\/noticias\/wp-json\/wp\/v2\/posts\/15420\/revisions"}],"predecessor-version":[{"id":15422,"href":"https:\/\/blogdorogeriogomes.com.br\/noticias\/wp-json\/wp\/v2\/posts\/15420\/revisions\/15422"}],"wp:featuredmedia":[{"embeddable":true,"href":"https:\/\/blogdorogeriogomes.com.br\/noticias\/wp-json\/wp\/v2\/media\/15421"}],"wp:attachment":[{"href":"https:\/\/blogdorogeriogomes.com.br\/noticias\/wp-json\/wp\/v2\/media?parent=15420"}],"wp:term":[{"taxonomy":"category","embeddable":true,"href":"https:\/\/blogdorogeriogomes.com.br\/noticias\/wp-json\/wp\/v2\/categories?post=15420"},{"taxonomy":"post_tag","embeddable":true,"href":"https:\/\/blogdorogeriogomes.com.br\/noticias\/wp-json\/wp\/v2\/tags?post=15420"}],"curies":[{"name":"wp","href":"https:\/\/api.w.org\/{rel}","templated":true}]}}