{"id":15423,"date":"2020-01-27T08:52:04","date_gmt":"2020-01-27T08:52:04","guid":{"rendered":"http:\/\/blogdorogeriogomes.com.br\/?p=15423"},"modified":"2020-01-27T09:45:16","modified_gmt":"2020-01-27T09:45:16","slug":"ofertas-de-emprego-voltam-a-mostrar-saldo-positivo-no-ceara-segundo-caged","status":"publish","type":"post","link":"https:\/\/blogdorogeriogomes.com.br\/noticias\/2020\/01\/ofertas-de-emprego-voltam-a-mostrar-saldo-positivo-no-ceara-segundo-caged\/","title":{"rendered":"Ofertas de emprego voltam a mostrar saldo positivo no Cear\u00e1, segundo Caged"},"content":{"rendered":"\n<p>Os n\u00fameros do Cadastro Geral de Empregados e Desempregados (Caged), divulgados na sexta-feira, dia 24 de janeiro, pela Secretaria Especial de Previd\u00eancia e Trabalho do Minist\u00e9rio da Economia, revelam um saldo positivo de 10.319 empregos pela CLT gerados no Cear\u00e1 em 2019. Os dados mostram 385.096 admiss\u00f5es e 374.777 demiss\u00f5es realizadas em todo o Estado, no balan\u00e7o do ano.<br>\nNesta segunda-feira, dia 27 de janeiro, 914 vagas est\u00e3o sendo ofertadas pelo Sine em todo o Cear\u00e1. A  maioria das vagas se concentra em Fortaleza, que contabiliza 306 oportunidades, sendo 68 para pessoas com defici\u00eancia. A fun\u00e7\u00e3o que tem mais vagas \u00e9 a de vendedor pracista (50), seguida por consultor de vendas (20), representante comercial aut\u00f4nomo (20) e repositor em supermercados (10). <\/p>\n\n\n\n<figure class=\"wp-block-gallery columns-1 is-cropped wp-block-gallery-1 is-layout-flex wp-block-gallery-is-layout-flex\"><ul class=\"blocks-gallery-grid\"><li class=\"blocks-gallery-item\"><figure><img loading=\"lazy\" decoding=\"async\" width=\"686\" height=\"447\" src=\"http:\/\/blogdorogeriogomes.com.br\/wp-content\/uploads\/2020\/01\/images-2020-01-27T054613.720.jpeg\" alt=\"\" data-id=\"15424\" data-full-url=\"http:\/\/blogdorogeriogomes.com.br\/wp-content\/uploads\/2020\/01\/images-2020-01-27T054613.720.jpeg\" data-link=\"http:\/\/blogdorogeriogomes.com.br\/?attachment_id=15424\" class=\"wp-image-15424\" srcset=\"https:\/\/blogdorogeriogomes.com.br\/noticias\/wp-content\/uploads\/2020\/01\/images-2020-01-27T054613.720.jpeg 686w, https:\/\/blogdorogeriogomes.com.br\/noticias\/wp-content\/uploads\/2020\/01\/images-2020-01-27T054613.720-300x195.jpeg 300w\" sizes=\"auto, (max-width: 686px) 100vw, 686px\" \/><\/figure><\/li><\/ul><\/figure>\n","protected":false},"excerpt":{"rendered":"<p>Os n\u00fameros do Cadastro Geral de Empregados e Desempregados (Caged), divulgados na sexta-feira, dia 24 de janeiro, pela Secretaria Especial de Previd\u00eancia e Trabalho do Minist\u00e9rio da Economia, revelam um saldo positivo de 10.319 empregos pela CLT gerados no Cear\u00e1 em 2019. Os dados mostram 385.096 admiss\u00f5es e 374.777 demiss\u00f5es realizadas em todo o Estado, no balan\u00e7o do ano. Nesta segunda-feira, dia 27 de janeiro, 914 vagas est\u00e3o sendo ofertadas pelo Sine em todo o Cear\u00e1. A maioria das&hellip;<\/p>\n","protected":false},"author":1,"featured_media":15424,"comment_status":"open","ping_status":"open","sticky":false,"template":"","format":"standard","meta":{"footnotes":""},"categories":[1],"tags":[],"class_list":["post-15423","post","type-post","status-publish","format-standard","has-post-thumbnail","hentry","category-noticias"],"_links":{"self":[{"href":"https:\/\/blogdorogeriogomes.com.br\/noticias\/wp-json\/wp\/v2\/posts\/15423","targetHints":{"allow":["GET"]}}],"collection":[{"href":"https:\/\/blogdorogeriogomes.com.br\/noticias\/wp-json\/wp\/v2\/posts"}],"about":[{"href":"https:\/\/blogdorogeriogomes.com.br\/noticias\/wp-json\/wp\/v2\/types\/post"}],"author":[{"embeddable":true,"href":"https:\/\/blogdorogeriogomes.com.br\/noticias\/wp-json\/wp\/v2\/users\/1"}],"replies":[{"embeddable":true,"href":"https:\/\/blogdorogeriogomes.com.br\/noticias\/wp-json\/wp\/v2\/comments?post=15423"}],"version-history":[{"count":1,"href":"https:\/\/blogdorogeriogomes.com.br\/noticias\/wp-json\/wp\/v2\/posts\/15423\/revisions"}],"predecessor-version":[{"id":15425,"href":"https:\/\/blogdorogeriogomes.com.br\/noticias\/wp-json\/wp\/v2\/posts\/15423\/revisions\/15425"}],"wp:featuredmedia":[{"embeddable":true,"href":"https:\/\/blogdorogeriogomes.com.br\/noticias\/wp-json\/wp\/v2\/media\/15424"}],"wp:attachment":[{"href":"https:\/\/blogdorogeriogomes.com.br\/noticias\/wp-json\/wp\/v2\/media?parent=15423"}],"wp:term":[{"taxonomy":"category","embeddable":true,"href":"https:\/\/blogdorogeriogomes.com.br\/noticias\/wp-json\/wp\/v2\/categories?post=15423"},{"taxonomy":"post_tag","embeddable":true,"href":"https:\/\/blogdorogeriogomes.com.br\/noticias\/wp-json\/wp\/v2\/tags?post=15423"}],"curies":[{"name":"wp","href":"https:\/\/api.w.org\/{rel}","templated":true}]}}