{"id":15426,"date":"2020-01-27T08:59:00","date_gmt":"2020-01-27T08:59:00","guid":{"rendered":"http:\/\/blogdorogeriogomes.com.br\/?p=15426"},"modified":"2020-01-27T09:45:03","modified_gmt":"2020-01-27T09:45:03","slug":"programa-melhor-em-casa-pretende-garantir-atendimento-domiciliar-na-capital","status":"publish","type":"post","link":"https:\/\/blogdorogeriogomes.com.br\/noticias\/2020\/01\/programa-melhor-em-casa-pretende-garantir-atendimento-domiciliar-na-capital\/","title":{"rendered":"Programa &#8220;Melhor em Casa&#8221; pretende garantir atendimento domiciliar na Capital"},"content":{"rendered":"\n<p>A Prefeitura de Fortaleza apresenta, nesta segunda-feira, dia 27 de janeiro, o programa de atendimento domiciliar Melhor em Casa, que ser\u00e1 desenvolvido por equipes multiprofissionais. O programa visa reduzir o per\u00edodo de interna\u00e7\u00e3o hospitalar e a melhoria de atendimento aos pacientes, diminuindo riscos de infec\u00e7\u00e3o hospitalar. Al\u00e9m disso, busca fortalecer a Aten\u00e7\u00e3o Primaria \u00e0 Sa\u00fade, funcionando em sinergia com as equipes de Estrat\u00e9gia da Sa\u00fade da Fam\u00edlia (ESF).<br>\nA desospitaliza\u00e7\u00e3o tamb\u00e9m aumenta a capacidade de atendimento dos servi\u00e7os de urg\u00eancia, bem como preserva v\u00ednculos familiares e amplia a autonomia dos usu\u00e1rios. Estudos sugerem que cerca de 20% a 30% dos pacientes maiores de 75 anos com problemas cr\u00f4nicos de sa\u00fade s\u00e3o hospitalizados de maneira inadequada, da\u00ed a iniciativa de implanta\u00e7\u00e3o do programa em Fortaleza.<\/p>\n\n\n\n<figure class=\"wp-block-gallery columns-1 is-cropped wp-block-gallery-1 is-layout-flex wp-block-gallery-is-layout-flex\"><ul class=\"blocks-gallery-grid\"><li class=\"blocks-gallery-item\"><figure><img loading=\"lazy\" decoding=\"async\" width=\"1024\" height=\"556\" src=\"http:\/\/blogdorogeriogomes.com.br\/wp-content\/uploads\/2020\/01\/24-01-2020-Melhor-em-casa-1024x556.jpeg\" alt=\"\" data-id=\"15427\" data-full-url=\"http:\/\/blogdorogeriogomes.com.br\/wp-content\/uploads\/2020\/01\/24-01-2020-Melhor-em-casa.jpeg\" data-link=\"http:\/\/blogdorogeriogomes.com.br\/?attachment_id=15427\" class=\"wp-image-15427\" srcset=\"https:\/\/blogdorogeriogomes.com.br\/noticias\/wp-content\/uploads\/2020\/01\/24-01-2020-Melhor-em-casa-1024x556.jpeg 1024w, https:\/\/blogdorogeriogomes.com.br\/noticias\/wp-content\/uploads\/2020\/01\/24-01-2020-Melhor-em-casa-300x163.jpeg 300w, https:\/\/blogdorogeriogomes.com.br\/noticias\/wp-content\/uploads\/2020\/01\/24-01-2020-Melhor-em-casa-768x417.jpeg 768w, https:\/\/blogdorogeriogomes.com.br\/noticias\/wp-content\/uploads\/2020\/01\/24-01-2020-Melhor-em-casa-800x435.jpeg 800w, https:\/\/blogdorogeriogomes.com.br\/noticias\/wp-content\/uploads\/2020\/01\/24-01-2020-Melhor-em-casa.jpeg 1263w\" sizes=\"auto, (max-width: 1024px) 100vw, 1024px\" \/><\/figure><\/li><\/ul><\/figure>\n","protected":false},"excerpt":{"rendered":"<p>A Prefeitura de Fortaleza apresenta, nesta segunda-feira, dia 27 de janeiro, o programa de atendimento domiciliar Melhor em Casa, que ser\u00e1 desenvolvido por equipes multiprofissionais. O programa visa reduzir o per\u00edodo de interna\u00e7\u00e3o hospitalar e a melhoria de atendimento aos pacientes, diminuindo riscos de infec\u00e7\u00e3o hospitalar. Al\u00e9m disso, busca fortalecer a Aten\u00e7\u00e3o Primaria \u00e0 Sa\u00fade, funcionando em sinergia com as equipes de Estrat\u00e9gia da Sa\u00fade da Fam\u00edlia (ESF). A desospitaliza\u00e7\u00e3o tamb\u00e9m aumenta a capacidade de atendimento dos servi\u00e7os de&hellip;<\/p>\n","protected":false},"author":1,"featured_media":15427,"comment_status":"open","ping_status":"open","sticky":false,"template":"","format":"standard","meta":{"footnotes":""},"categories":[1],"tags":[],"class_list":["post-15426","post","type-post","status-publish","format-standard","has-post-thumbnail","hentry","category-noticias"],"_links":{"self":[{"href":"https:\/\/blogdorogeriogomes.com.br\/noticias\/wp-json\/wp\/v2\/posts\/15426","targetHints":{"allow":["GET"]}}],"collection":[{"href":"https:\/\/blogdorogeriogomes.com.br\/noticias\/wp-json\/wp\/v2\/posts"}],"about":[{"href":"https:\/\/blogdorogeriogomes.com.br\/noticias\/wp-json\/wp\/v2\/types\/post"}],"author":[{"embeddable":true,"href":"https:\/\/blogdorogeriogomes.com.br\/noticias\/wp-json\/wp\/v2\/users\/1"}],"replies":[{"embeddable":true,"href":"https:\/\/blogdorogeriogomes.com.br\/noticias\/wp-json\/wp\/v2\/comments?post=15426"}],"version-history":[{"count":1,"href":"https:\/\/blogdorogeriogomes.com.br\/noticias\/wp-json\/wp\/v2\/posts\/15426\/revisions"}],"predecessor-version":[{"id":15428,"href":"https:\/\/blogdorogeriogomes.com.br\/noticias\/wp-json\/wp\/v2\/posts\/15426\/revisions\/15428"}],"wp:featuredmedia":[{"embeddable":true,"href":"https:\/\/blogdorogeriogomes.com.br\/noticias\/wp-json\/wp\/v2\/media\/15427"}],"wp:attachment":[{"href":"https:\/\/blogdorogeriogomes.com.br\/noticias\/wp-json\/wp\/v2\/media?parent=15426"}],"wp:term":[{"taxonomy":"category","embeddable":true,"href":"https:\/\/blogdorogeriogomes.com.br\/noticias\/wp-json\/wp\/v2\/categories?post=15426"},{"taxonomy":"post_tag","embeddable":true,"href":"https:\/\/blogdorogeriogomes.com.br\/noticias\/wp-json\/wp\/v2\/tags?post=15426"}],"curies":[{"name":"wp","href":"https:\/\/api.w.org\/{rel}","templated":true}]}}