{"id":15429,"date":"2020-01-27T09:12:30","date_gmt":"2020-01-27T09:12:30","guid":{"rendered":"http:\/\/blogdorogeriogomes.com.br\/?p=15429"},"modified":"2020-01-27T09:44:16","modified_gmt":"2020-01-27T09:44:16","slug":"justica-mantem-liminar-que-suspende-sisu-2020-resultados-nao-poderao-ser-divulgados","status":"publish","type":"post","link":"https:\/\/blogdorogeriogomes.com.br\/noticias\/2020\/01\/justica-mantem-liminar-que-suspende-sisu-2020-resultados-nao-poderao-ser-divulgados\/","title":{"rendered":"Justi\u00e7a mant\u00e9m liminar que suspende Sisu 2020. Resultados n\u00e3o poder\u00e3o ser divulgados"},"content":{"rendered":"\n<p>A Justi\u00e7a manteve a liminar que suspense o Sisu, que teve inscri\u00e7\u00f5es encerradas na noite deste domingo, dia 26 de janeiro. Na pr\u00e1tica, a medida significa que os resultados dos exames n\u00e3o poder\u00e3o ser divulgados na ter\u00e7a-feira, como estava previsto no cronograma. A decis\u00e3o foi tomada pela desembargadora Federal Therezinha Cazerta, presidente do Tribunal Regional Federal da 3\u00aa Regi\u00e3o.<br>\nOs problemas com o Enem apareceram no final de semana dos dias 18 e 19 de janeiro, com relatos de erros nas notas nas redes sociais. A situa\u00e7\u00e3o gerou v\u00e1rias a\u00e7\u00f5es judiciais e a movida pela DPU suspendeu o Sisu. A Advocacia Geral da Uni\u00e3o recorreu e n\u00e3o conseguiu reverter a situa\u00e7\u00e3o. Nesta segunda-feira, dia 27, o ministro da Educa\u00e7\u00e3o, Abraham Weintraub, deve avaliar que medida vai adotar.<\/p>\n\n\n\n<figure class=\"wp-block-gallery columns-1 is-cropped wp-block-gallery-1 is-layout-flex wp-block-gallery-is-layout-flex\"><ul class=\"blocks-gallery-grid\"><li class=\"blocks-gallery-item\"><figure><img loading=\"lazy\" decoding=\"async\" width=\"600\" height=\"399\" src=\"http:\/\/blogdorogeriogomes.com.br\/wp-content\/uploads\/2020\/01\/images-2020-01-27T060743.901.jpeg\" alt=\"\" data-id=\"15430\" data-full-url=\"http:\/\/blogdorogeriogomes.com.br\/wp-content\/uploads\/2020\/01\/images-2020-01-27T060743.901.jpeg\" data-link=\"http:\/\/blogdorogeriogomes.com.br\/?attachment_id=15430\" class=\"wp-image-15430\" srcset=\"https:\/\/blogdorogeriogomes.com.br\/noticias\/wp-content\/uploads\/2020\/01\/images-2020-01-27T060743.901.jpeg 600w, https:\/\/blogdorogeriogomes.com.br\/noticias\/wp-content\/uploads\/2020\/01\/images-2020-01-27T060743.901-300x200.jpeg 300w\" sizes=\"auto, (max-width: 600px) 100vw, 600px\" \/><\/figure><\/li><\/ul><\/figure>\n","protected":false},"excerpt":{"rendered":"<p>A Justi\u00e7a manteve a liminar que suspense o Sisu, que teve inscri\u00e7\u00f5es encerradas na noite deste domingo, dia 26 de janeiro. Na pr\u00e1tica, a medida significa que os resultados dos exames n\u00e3o poder\u00e3o ser divulgados na ter\u00e7a-feira, como estava previsto no cronograma. A decis\u00e3o foi tomada pela desembargadora Federal Therezinha Cazerta, presidente do Tribunal Regional Federal da 3\u00aa Regi\u00e3o. Os problemas com o Enem apareceram no final de semana dos dias 18 e 19 de janeiro, com relatos de&hellip;<\/p>\n","protected":false},"author":1,"featured_media":15430,"comment_status":"open","ping_status":"open","sticky":false,"template":"","format":"standard","meta":{"footnotes":""},"categories":[1],"tags":[],"class_list":["post-15429","post","type-post","status-publish","format-standard","has-post-thumbnail","hentry","category-noticias"],"_links":{"self":[{"href":"https:\/\/blogdorogeriogomes.com.br\/noticias\/wp-json\/wp\/v2\/posts\/15429","targetHints":{"allow":["GET"]}}],"collection":[{"href":"https:\/\/blogdorogeriogomes.com.br\/noticias\/wp-json\/wp\/v2\/posts"}],"about":[{"href":"https:\/\/blogdorogeriogomes.com.br\/noticias\/wp-json\/wp\/v2\/types\/post"}],"author":[{"embeddable":true,"href":"https:\/\/blogdorogeriogomes.com.br\/noticias\/wp-json\/wp\/v2\/users\/1"}],"replies":[{"embeddable":true,"href":"https:\/\/blogdorogeriogomes.com.br\/noticias\/wp-json\/wp\/v2\/comments?post=15429"}],"version-history":[{"count":1,"href":"https:\/\/blogdorogeriogomes.com.br\/noticias\/wp-json\/wp\/v2\/posts\/15429\/revisions"}],"predecessor-version":[{"id":15431,"href":"https:\/\/blogdorogeriogomes.com.br\/noticias\/wp-json\/wp\/v2\/posts\/15429\/revisions\/15431"}],"wp:featuredmedia":[{"embeddable":true,"href":"https:\/\/blogdorogeriogomes.com.br\/noticias\/wp-json\/wp\/v2\/media\/15430"}],"wp:attachment":[{"href":"https:\/\/blogdorogeriogomes.com.br\/noticias\/wp-json\/wp\/v2\/media?parent=15429"}],"wp:term":[{"taxonomy":"category","embeddable":true,"href":"https:\/\/blogdorogeriogomes.com.br\/noticias\/wp-json\/wp\/v2\/categories?post=15429"},{"taxonomy":"post_tag","embeddable":true,"href":"https:\/\/blogdorogeriogomes.com.br\/noticias\/wp-json\/wp\/v2\/tags?post=15429"}],"curies":[{"name":"wp","href":"https:\/\/api.w.org\/{rel}","templated":true}]}}