{"id":15444,"date":"2020-01-28T20:11:36","date_gmt":"2020-01-28T20:11:36","guid":{"rendered":"http:\/\/blogdorogeriogomes.com.br\/?p=15444"},"modified":"2020-01-29T12:00:08","modified_gmt":"2020-01-29T12:00:08","slug":"placas-mercosul-comecam-a-ser-obrigatorias-em-todo-o-pais-a-partir-de-3-de-fevereiro","status":"publish","type":"post","link":"https:\/\/blogdorogeriogomes.com.br\/noticias\/2020\/01\/placas-mercosul-comecam-a-ser-obrigatorias-em-todo-o-pais-a-partir-de-3-de-fevereiro\/","title":{"rendered":"Placas Mercosul come\u00e7am a ser obrigat\u00f3rias em todo o Pa\u00eds a partir de 3 de fevereiro"},"content":{"rendered":"\n<p>A partir do dia 3 de fevereiro, o uso da placa Mercosul passa a ser obrigat\u00f3rio em todo o Pa\u00eds, mas n\u00e3o para todos os ve\u00edculos. A placa Mercosul passa a ser obrigat\u00f3ria para ve\u00edculos novos, no primeiro emplacamento. E tamb\u00e9m para os ve\u00edculos transferidos de munic\u00edpio ou de Estado.<br> O prazo de implanta\u00e7\u00e3o da nova placa foi definido pelo Conselho Nacional de Tr\u00e2nsito, o Contran. Agora, a placa Mercosul ser\u00e1 implantada pelos Detrans de todo o Pa\u00eds.<br>Motoristas que desejam trocar voluntariamente a placa tamb\u00e9m podem aderir ao novo modelo.<br>As taxas cobradas pelo Detran para um novo emplacamento custam R$ 170 reais, mas o motorista ainda vai arcar com as despesas da placa diretamente com as empresas credenciadas. Os valores das novas placas devem variar de pre\u00e7o e podem chegar a quase R$ 300.<br>A nova placa tem um fundo branco, quatro letras e tr\u00eas n\u00fameros, dispostos de maneira aleat\u00f3ria. A cor da combina\u00e7\u00e3o alfanum\u00e9rica indica a categoria do ve\u00edculo. Tudo para garantir mais seguran\u00e7a ao propriet\u00e1rio.<\/p>\n\n\n\n<figure class=\"wp-block-gallery columns-1 is-cropped wp-block-gallery-1 is-layout-flex wp-block-gallery-is-layout-flex\"><ul class=\"blocks-gallery-grid\"><li class=\"blocks-gallery-item\"><figure><img loading=\"lazy\" decoding=\"async\" width=\"675\" height=\"443\" src=\"http:\/\/blogdorogeriogomes.com.br\/wp-content\/uploads\/2020\/01\/20200120160628408311a.jpg\" alt=\"\" data-id=\"15445\" data-full-url=\"http:\/\/blogdorogeriogomes.com.br\/wp-content\/uploads\/2020\/01\/20200120160628408311a.jpg\" data-link=\"http:\/\/blogdorogeriogomes.com.br\/?attachment_id=15445\" class=\"wp-image-15445\" srcset=\"https:\/\/blogdorogeriogomes.com.br\/noticias\/wp-content\/uploads\/2020\/01\/20200120160628408311a.jpg 675w, https:\/\/blogdorogeriogomes.com.br\/noticias\/wp-content\/uploads\/2020\/01\/20200120160628408311a-300x197.jpg 300w\" sizes=\"auto, (max-width: 675px) 100vw, 675px\" \/><\/figure><\/li><\/ul><\/figure>\n","protected":false},"excerpt":{"rendered":"<p>A partir do dia 3 de fevereiro, o uso da placa Mercosul passa a ser obrigat\u00f3rio em todo o Pa\u00eds, mas n\u00e3o para todos os ve\u00edculos. A placa Mercosul passa a ser obrigat\u00f3ria para ve\u00edculos novos, no primeiro emplacamento. E tamb\u00e9m para os ve\u00edculos transferidos de munic\u00edpio ou de Estado. O prazo de implanta\u00e7\u00e3o da nova placa foi definido pelo Conselho Nacional de Tr\u00e2nsito, o Contran. Agora, a placa Mercosul ser\u00e1 implantada pelos Detrans de todo o Pa\u00eds.Motoristas que&hellip;<\/p>\n","protected":false},"author":1,"featured_media":15445,"comment_status":"open","ping_status":"open","sticky":false,"template":"","format":"standard","meta":{"footnotes":""},"categories":[1],"tags":[],"class_list":["post-15444","post","type-post","status-publish","format-standard","has-post-thumbnail","hentry","category-noticias"],"_links":{"self":[{"href":"https:\/\/blogdorogeriogomes.com.br\/noticias\/wp-json\/wp\/v2\/posts\/15444","targetHints":{"allow":["GET"]}}],"collection":[{"href":"https:\/\/blogdorogeriogomes.com.br\/noticias\/wp-json\/wp\/v2\/posts"}],"about":[{"href":"https:\/\/blogdorogeriogomes.com.br\/noticias\/wp-json\/wp\/v2\/types\/post"}],"author":[{"embeddable":true,"href":"https:\/\/blogdorogeriogomes.com.br\/noticias\/wp-json\/wp\/v2\/users\/1"}],"replies":[{"embeddable":true,"href":"https:\/\/blogdorogeriogomes.com.br\/noticias\/wp-json\/wp\/v2\/comments?post=15444"}],"version-history":[{"count":1,"href":"https:\/\/blogdorogeriogomes.com.br\/noticias\/wp-json\/wp\/v2\/posts\/15444\/revisions"}],"predecessor-version":[{"id":15446,"href":"https:\/\/blogdorogeriogomes.com.br\/noticias\/wp-json\/wp\/v2\/posts\/15444\/revisions\/15446"}],"wp:featuredmedia":[{"embeddable":true,"href":"https:\/\/blogdorogeriogomes.com.br\/noticias\/wp-json\/wp\/v2\/media\/15445"}],"wp:attachment":[{"href":"https:\/\/blogdorogeriogomes.com.br\/noticias\/wp-json\/wp\/v2\/media?parent=15444"}],"wp:term":[{"taxonomy":"category","embeddable":true,"href":"https:\/\/blogdorogeriogomes.com.br\/noticias\/wp-json\/wp\/v2\/categories?post=15444"},{"taxonomy":"post_tag","embeddable":true,"href":"https:\/\/blogdorogeriogomes.com.br\/noticias\/wp-json\/wp\/v2\/tags?post=15444"}],"curies":[{"name":"wp","href":"https:\/\/api.w.org\/{rel}","templated":true}]}}