{"id":15447,"date":"2020-01-28T21:17:07","date_gmt":"2020-01-28T21:17:07","guid":{"rendered":"http:\/\/blogdorogeriogomes.com.br\/?p=15447"},"modified":"2020-01-29T11:59:45","modified_gmt":"2020-01-29T11:59:45","slug":"projeto-bicicletar-inicia-fase-de-expansao-com-novas-estacoes-na-barra-do-ceara","status":"publish","type":"post","link":"https:\/\/blogdorogeriogomes.com.br\/noticias\/2020\/01\/projeto-bicicletar-inicia-fase-de-expansao-com-novas-estacoes-na-barra-do-ceara\/","title":{"rendered":"Projeto Bicicletar inicia fase de expans\u00e3o com novas esta\u00e7\u00f5es na Barra do Cear\u00e1"},"content":{"rendered":"\n<p>O projeto Bicicletar, da Prefeitura de Fortaleza, entra em nova fase de expans\u00e3o com a entrega, nesta quarta-feira, dia 29 de janeiro, no Cuca da Barra do Cear\u00e1, do segundo lote de novas esta\u00e7\u00f5es da primeira fase de expans\u00e3o do programa de mobilidade urbana, que est\u00e1 levando o sistema de compartilhamento para novas \u00e1reas da cidade. Neste novo momento, a expans\u00e3o est\u00e1 ocorrendo pelo corredor oeste de Fortaleza, do Centro at\u00e9 a Barra do Cear\u00e1, na Regional I. <br>Desenvolvido pela Secretaria Municipal da Conserva\u00e7\u00e3o e Servi\u00e7os P\u00fablicos, por meio do Plano de A\u00e7\u00f5es Imediatas de Transporte e Tr\u00e2nsito de Fortaleza, o Bicicletar agora expande o sistema de compartilhamento de bicicletas para novas regi\u00f5es da cidade, tornando-se o terceiro maior sistema do tipo no Brasil em n\u00famero de esta\u00e7\u00f5es, atr\u00e1s somente de Rio de Janeiro e S\u00e3o Paulo, e o primeiro em n\u00famero de esta\u00e7\u00f5es por habitantes.<br> <\/p>\n\n\n\n<figure class=\"wp-block-gallery columns-1 is-cropped wp-block-gallery-1 is-layout-flex wp-block-gallery-is-layout-flex\"><ul class=\"blocks-gallery-grid\"><li class=\"blocks-gallery-item\"><figure><img loading=\"lazy\" decoding=\"async\" width=\"1024\" height=\"601\" src=\"http:\/\/blogdorogeriogomes.com.br\/wp-content\/uploads\/2020\/01\/IKO2448-1024x601.jpeg\" alt=\"\" data-id=\"15448\" data-full-url=\"http:\/\/blogdorogeriogomes.com.br\/wp-content\/uploads\/2020\/01\/IKO2448-scaled.jpeg\" data-link=\"http:\/\/blogdorogeriogomes.com.br\/?attachment_id=15448\" class=\"wp-image-15448\" srcset=\"https:\/\/blogdorogeriogomes.com.br\/noticias\/wp-content\/uploads\/2020\/01\/IKO2448-1024x601.jpeg 1024w, https:\/\/blogdorogeriogomes.com.br\/noticias\/wp-content\/uploads\/2020\/01\/IKO2448-300x176.jpeg 300w, https:\/\/blogdorogeriogomes.com.br\/noticias\/wp-content\/uploads\/2020\/01\/IKO2448-768x451.jpeg 768w, https:\/\/blogdorogeriogomes.com.br\/noticias\/wp-content\/uploads\/2020\/01\/IKO2448-1536x902.jpeg 1536w, https:\/\/blogdorogeriogomes.com.br\/noticias\/wp-content\/uploads\/2020\/01\/IKO2448-2048x1203.jpeg 2048w, https:\/\/blogdorogeriogomes.com.br\/noticias\/wp-content\/uploads\/2020\/01\/IKO2448-800x470.jpeg 800w\" sizes=\"auto, (max-width: 1024px) 100vw, 1024px\" \/><\/figure><\/li><\/ul><\/figure>\n","protected":false},"excerpt":{"rendered":"<p>O projeto Bicicletar, da Prefeitura de Fortaleza, entra em nova fase de expans\u00e3o com a entrega, nesta quarta-feira, dia 29 de janeiro, no Cuca da Barra do Cear\u00e1, do segundo lote de novas esta\u00e7\u00f5es da primeira fase de expans\u00e3o do programa de mobilidade urbana, que est\u00e1 levando o sistema de compartilhamento para novas \u00e1reas da cidade. Neste novo momento, a expans\u00e3o est\u00e1 ocorrendo pelo corredor oeste de Fortaleza, do Centro at\u00e9 a Barra do Cear\u00e1, na Regional I. Desenvolvido&hellip;<\/p>\n","protected":false},"author":1,"featured_media":15448,"comment_status":"open","ping_status":"open","sticky":false,"template":"","format":"standard","meta":{"footnotes":""},"categories":[1],"tags":[],"class_list":["post-15447","post","type-post","status-publish","format-standard","has-post-thumbnail","hentry","category-noticias"],"_links":{"self":[{"href":"https:\/\/blogdorogeriogomes.com.br\/noticias\/wp-json\/wp\/v2\/posts\/15447","targetHints":{"allow":["GET"]}}],"collection":[{"href":"https:\/\/blogdorogeriogomes.com.br\/noticias\/wp-json\/wp\/v2\/posts"}],"about":[{"href":"https:\/\/blogdorogeriogomes.com.br\/noticias\/wp-json\/wp\/v2\/types\/post"}],"author":[{"embeddable":true,"href":"https:\/\/blogdorogeriogomes.com.br\/noticias\/wp-json\/wp\/v2\/users\/1"}],"replies":[{"embeddable":true,"href":"https:\/\/blogdorogeriogomes.com.br\/noticias\/wp-json\/wp\/v2\/comments?post=15447"}],"version-history":[{"count":1,"href":"https:\/\/blogdorogeriogomes.com.br\/noticias\/wp-json\/wp\/v2\/posts\/15447\/revisions"}],"predecessor-version":[{"id":15449,"href":"https:\/\/blogdorogeriogomes.com.br\/noticias\/wp-json\/wp\/v2\/posts\/15447\/revisions\/15449"}],"wp:featuredmedia":[{"embeddable":true,"href":"https:\/\/blogdorogeriogomes.com.br\/noticias\/wp-json\/wp\/v2\/media\/15448"}],"wp:attachment":[{"href":"https:\/\/blogdorogeriogomes.com.br\/noticias\/wp-json\/wp\/v2\/media?parent=15447"}],"wp:term":[{"taxonomy":"category","embeddable":true,"href":"https:\/\/blogdorogeriogomes.com.br\/noticias\/wp-json\/wp\/v2\/categories?post=15447"},{"taxonomy":"post_tag","embeddable":true,"href":"https:\/\/blogdorogeriogomes.com.br\/noticias\/wp-json\/wp\/v2\/tags?post=15447"}],"curies":[{"name":"wp","href":"https:\/\/api.w.org\/{rel}","templated":true}]}}