{"id":15450,"date":"2020-01-29T08:29:37","date_gmt":"2020-01-29T08:29:37","guid":{"rendered":"http:\/\/blogdorogeriogomes.com.br\/?p=15450"},"modified":"2020-01-29T11:59:36","modified_gmt":"2020-01-29T11:59:36","slug":"fortaleza-ainda-conta-com-cerca-de-350-mil-eleitores-sem-a-biometria-diz-tre","status":"publish","type":"post","link":"https:\/\/blogdorogeriogomes.com.br\/noticias\/2020\/01\/fortaleza-ainda-conta-com-cerca-de-350-mil-eleitores-sem-a-biometria-diz-tre\/","title":{"rendered":"Fortaleza ainda conta com cerca de 350 mil eleitores sem a biometria, diz TRE"},"content":{"rendered":"\n<p>Apesar de todo esfor\u00e7o da Justi\u00e7a Eleitoral para agilizar o atendimento de eleitores no cadastramento biom\u00e9trico em Fortaleza, ainda h\u00e1, pelo menos, 350 mil deles na Capital que ainda n\u00e3o fizeram a biometria.<br>\nDe acordo com o Tribunal Regional Eleitoral do Cear\u00e1 (TRE-CE), a revis\u00e3o&nbsp;poder\u00e1 ser feita at\u00e9 o dia 6 de maio, sem a possibilidade de prorroga\u00e7\u00e3o. <br>\nSe somar as pend\u00eancias de Fortaleza com a de eleitores de munic\u00edpios do interior do Cear\u00e1, ainda h\u00e1 cerca de 380 mil eleitores com pend\u00eancias na biometria. O movimento nos postos do TRE da Capital \u00e9 baixo. Ao todo, s\u00e3o 15 unidades espalhadas por Fortaleza.<\/p>\n\n\n\n<figure class=\"wp-block-gallery columns-1 is-cropped wp-block-gallery-1 is-layout-flex wp-block-gallery-is-layout-flex\"><ul class=\"blocks-gallery-grid\"><li class=\"blocks-gallery-item\"><figure><img loading=\"lazy\" decoding=\"async\" width=\"543\" height=\"263\" src=\"http:\/\/blogdorogeriogomes.com.br\/wp-content\/uploads\/2020\/01\/images-2020-01-29T051830.170.jpeg\" alt=\"\" data-id=\"15451\" data-full-url=\"http:\/\/blogdorogeriogomes.com.br\/wp-content\/uploads\/2020\/01\/images-2020-01-29T051830.170.jpeg\" data-link=\"http:\/\/blogdorogeriogomes.com.br\/?attachment_id=15451\" class=\"wp-image-15451\" srcset=\"https:\/\/blogdorogeriogomes.com.br\/noticias\/wp-content\/uploads\/2020\/01\/images-2020-01-29T051830.170.jpeg 543w, https:\/\/blogdorogeriogomes.com.br\/noticias\/wp-content\/uploads\/2020\/01\/images-2020-01-29T051830.170-300x145.jpeg 300w\" sizes=\"auto, (max-width: 543px) 100vw, 543px\" \/><\/figure><\/li><\/ul><\/figure>\n","protected":false},"excerpt":{"rendered":"<p>Apesar de todo esfor\u00e7o da Justi\u00e7a Eleitoral para agilizar o atendimento de eleitores no cadastramento biom\u00e9trico em Fortaleza, ainda h\u00e1, pelo menos, 350 mil deles na Capital que ainda n\u00e3o fizeram a biometria. De acordo com o Tribunal Regional Eleitoral do Cear\u00e1 (TRE-CE), a revis\u00e3o&nbsp;poder\u00e1 ser feita at\u00e9 o dia 6 de maio, sem a possibilidade de prorroga\u00e7\u00e3o. Se somar as pend\u00eancias de Fortaleza com a de eleitores de munic\u00edpios do interior do Cear\u00e1, ainda h\u00e1 cerca de 380&hellip;<\/p>\n","protected":false},"author":1,"featured_media":15451,"comment_status":"open","ping_status":"open","sticky":false,"template":"","format":"standard","meta":{"footnotes":""},"categories":[1],"tags":[],"class_list":["post-15450","post","type-post","status-publish","format-standard","has-post-thumbnail","hentry","category-noticias"],"_links":{"self":[{"href":"https:\/\/blogdorogeriogomes.com.br\/noticias\/wp-json\/wp\/v2\/posts\/15450","targetHints":{"allow":["GET"]}}],"collection":[{"href":"https:\/\/blogdorogeriogomes.com.br\/noticias\/wp-json\/wp\/v2\/posts"}],"about":[{"href":"https:\/\/blogdorogeriogomes.com.br\/noticias\/wp-json\/wp\/v2\/types\/post"}],"author":[{"embeddable":true,"href":"https:\/\/blogdorogeriogomes.com.br\/noticias\/wp-json\/wp\/v2\/users\/1"}],"replies":[{"embeddable":true,"href":"https:\/\/blogdorogeriogomes.com.br\/noticias\/wp-json\/wp\/v2\/comments?post=15450"}],"version-history":[{"count":1,"href":"https:\/\/blogdorogeriogomes.com.br\/noticias\/wp-json\/wp\/v2\/posts\/15450\/revisions"}],"predecessor-version":[{"id":15452,"href":"https:\/\/blogdorogeriogomes.com.br\/noticias\/wp-json\/wp\/v2\/posts\/15450\/revisions\/15452"}],"wp:featuredmedia":[{"embeddable":true,"href":"https:\/\/blogdorogeriogomes.com.br\/noticias\/wp-json\/wp\/v2\/media\/15451"}],"wp:attachment":[{"href":"https:\/\/blogdorogeriogomes.com.br\/noticias\/wp-json\/wp\/v2\/media?parent=15450"}],"wp:term":[{"taxonomy":"category","embeddable":true,"href":"https:\/\/blogdorogeriogomes.com.br\/noticias\/wp-json\/wp\/v2\/categories?post=15450"},{"taxonomy":"post_tag","embeddable":true,"href":"https:\/\/blogdorogeriogomes.com.br\/noticias\/wp-json\/wp\/v2\/tags?post=15450"}],"curies":[{"name":"wp","href":"https:\/\/api.w.org\/{rel}","templated":true}]}}