{"id":15454,"date":"2020-01-29T08:49:48","date_gmt":"2020-01-29T08:49:48","guid":{"rendered":"http:\/\/blogdorogeriogomes.com.br\/?p=15454"},"modified":"2020-01-29T11:59:25","modified_gmt":"2020-01-29T11:59:25","slug":"crise-nas-filas-por-pedido-de-aposentadoria-causa-demissao-do-presidente-do-inss","status":"publish","type":"post","link":"https:\/\/blogdorogeriogomes.com.br\/noticias\/2020\/01\/crise-nas-filas-por-pedido-de-aposentadoria-causa-demissao-do-presidente-do-inss\/","title":{"rendered":"Crise nas filas por pedido de aposentadoria causa demiss\u00e3o do presidente do INSS"},"content":{"rendered":"\n<p>Se j\u00e1 n\u00e3o bastassem as in\u00fameras lamban\u00e7as cometidas pelo atual ministro da Educa\u00e7\u00e3o, Abraham Weintraub, na condu\u00e7\u00e3o do Enem 2019 e do processo de inscri\u00e7\u00f5es do Sisu 2020, o Governo Federal lida com mais um s\u00e9rio problema, fruto de incompet\u00eancia administrativa: a crise no atendimento aos pedidos de aposentadoria no INSS.<br>\nA situa\u00e7\u00e3o se agravou ao ponto do secret\u00e1rio especial da Previd\u00eancia e Trabalho, Rog\u00e9rio Marinho, demitir o presidente do INSS, Renato Vieira. O atual secret\u00e1rio de Previd\u00eancia, Leonardo Rolim, ser\u00e1 o substituto e ter\u00e1 de comandar a crise da fila de pedidos represados.<br>\nO governo vem enfrentando uma s\u00e9rie de problemas na concess\u00e3o de benef\u00edcios previdenci\u00e1rios. Atualmente, a fila de espera no INSS \u00e9 de 1,3 milh\u00e3o. Esse \u00e9 o estoque de requerimentos de benef\u00edcios que n\u00e3o foram respondidos dentro do prazo legal de 45 dias.<\/p>\n\n\n\n<figure class=\"wp-block-gallery columns-1 is-cropped wp-block-gallery-1 is-layout-flex wp-block-gallery-is-layout-flex\"><ul class=\"blocks-gallery-grid\"><li class=\"blocks-gallery-item\"><figure><img loading=\"lazy\" decoding=\"async\" width=\"768\" height=\"512\" src=\"http:\/\/blogdorogeriogomes.com.br\/wp-content\/uploads\/2020\/01\/15590918435cedda8380337_1559091843_3x2_md.jpg\" alt=\"\" data-id=\"15455\" data-full-url=\"http:\/\/blogdorogeriogomes.com.br\/wp-content\/uploads\/2020\/01\/15590918435cedda8380337_1559091843_3x2_md.jpg\" data-link=\"http:\/\/blogdorogeriogomes.com.br\/?attachment_id=15455\" class=\"wp-image-15455\" srcset=\"https:\/\/blogdorogeriogomes.com.br\/noticias\/wp-content\/uploads\/2020\/01\/15590918435cedda8380337_1559091843_3x2_md.jpg 768w, https:\/\/blogdorogeriogomes.com.br\/noticias\/wp-content\/uploads\/2020\/01\/15590918435cedda8380337_1559091843_3x2_md-300x200.jpg 300w\" sizes=\"auto, (max-width: 768px) 100vw, 768px\" \/><\/figure><\/li><\/ul><\/figure>\n","protected":false},"excerpt":{"rendered":"<p>Se j\u00e1 n\u00e3o bastassem as in\u00fameras lamban\u00e7as cometidas pelo atual ministro da Educa\u00e7\u00e3o, Abraham Weintraub, na condu\u00e7\u00e3o do Enem 2019 e do processo de inscri\u00e7\u00f5es do Sisu 2020, o Governo Federal lida com mais um s\u00e9rio problema, fruto de incompet\u00eancia administrativa: a crise no atendimento aos pedidos de aposentadoria no INSS. A situa\u00e7\u00e3o se agravou ao ponto do secret\u00e1rio especial da Previd\u00eancia e Trabalho, Rog\u00e9rio Marinho, demitir o presidente do INSS, Renato Vieira. O atual secret\u00e1rio de Previd\u00eancia, Leonardo&hellip;<\/p>\n","protected":false},"author":1,"featured_media":15455,"comment_status":"open","ping_status":"open","sticky":false,"template":"","format":"standard","meta":{"footnotes":""},"categories":[1],"tags":[],"class_list":["post-15454","post","type-post","status-publish","format-standard","has-post-thumbnail","hentry","category-noticias"],"_links":{"self":[{"href":"https:\/\/blogdorogeriogomes.com.br\/noticias\/wp-json\/wp\/v2\/posts\/15454","targetHints":{"allow":["GET"]}}],"collection":[{"href":"https:\/\/blogdorogeriogomes.com.br\/noticias\/wp-json\/wp\/v2\/posts"}],"about":[{"href":"https:\/\/blogdorogeriogomes.com.br\/noticias\/wp-json\/wp\/v2\/types\/post"}],"author":[{"embeddable":true,"href":"https:\/\/blogdorogeriogomes.com.br\/noticias\/wp-json\/wp\/v2\/users\/1"}],"replies":[{"embeddable":true,"href":"https:\/\/blogdorogeriogomes.com.br\/noticias\/wp-json\/wp\/v2\/comments?post=15454"}],"version-history":[{"count":1,"href":"https:\/\/blogdorogeriogomes.com.br\/noticias\/wp-json\/wp\/v2\/posts\/15454\/revisions"}],"predecessor-version":[{"id":15456,"href":"https:\/\/blogdorogeriogomes.com.br\/noticias\/wp-json\/wp\/v2\/posts\/15454\/revisions\/15456"}],"wp:featuredmedia":[{"embeddable":true,"href":"https:\/\/blogdorogeriogomes.com.br\/noticias\/wp-json\/wp\/v2\/media\/15455"}],"wp:attachment":[{"href":"https:\/\/blogdorogeriogomes.com.br\/noticias\/wp-json\/wp\/v2\/media?parent=15454"}],"wp:term":[{"taxonomy":"category","embeddable":true,"href":"https:\/\/blogdorogeriogomes.com.br\/noticias\/wp-json\/wp\/v2\/categories?post=15454"},{"taxonomy":"post_tag","embeddable":true,"href":"https:\/\/blogdorogeriogomes.com.br\/noticias\/wp-json\/wp\/v2\/tags?post=15454"}],"curies":[{"name":"wp","href":"https:\/\/api.w.org\/{rel}","templated":true}]}}