{"id":15457,"date":"2020-01-29T19:52:14","date_gmt":"2020-01-29T19:52:14","guid":{"rendered":"http:\/\/blogdorogeriogomes.com.br\/?p=15457"},"modified":"2020-01-30T21:33:24","modified_gmt":"2020-01-30T21:33:24","slug":"camilo-santana-deve-comparecer-a-abertura-dos-trabalhos-da-assembleia-legislativa-no-dia-3-de-fevereiro","status":"publish","type":"post","link":"https:\/\/blogdorogeriogomes.com.br\/noticias\/2020\/01\/camilo-santana-deve-comparecer-a-abertura-dos-trabalhos-da-assembleia-legislativa-no-dia-3-de-fevereiro\/","title":{"rendered":"Camilo Santana deve comparecer a abertura dos trabalhos da Assembleia Legislativa no dia 3 de fevereiro"},"content":{"rendered":"\n<p>O governador Camilo Santana, que j\u00e1 retornou das f\u00e9rias, \u00e9 esperado na pr\u00f3xima segunda-feira, dia 3 de fevereiro, para a abertura dos trabalhos legislativos do primeiro semestre, na Assembleia Legislativa do Cear\u00e1.<br>Os deputados estaduais v\u00e3o encontrar o plen\u00e1rio da AL reformado e com melhorias, como \u00e9 o caso do novo painel digital para vota\u00e7\u00f5es.<br> Nesta quarta-feira, dia 29 de janeiro, o presidente da AL, Jos\u00e9 Sarto, anunciou a realiza\u00e7\u00e3o do 2\u00b0 Festival de M\u00fasica da Assembleia Legislativa. Uma equipe de curadoria selecionar\u00e1 24 can\u00e7\u00f5es que ser\u00e3o apresentadas nos dias 26, 27 e 28 de mar\u00e7o no Audit\u00f3rio Jos\u00e9 Euclides Ferreira Gomes.<br>O II Festival de M\u00fasica da AL premiar\u00e1 compositores que conquistarem os tr\u00eas primeiros lugares com R$ 25 mil, R$ 15 mil e R$ 7 mil, respectivamente. O melhor int\u00e9rprete do evento tamb\u00e9m receber\u00e1 premia\u00e7\u00e3o de R$ 5 mil. Al\u00e9m dos pr\u00eamios, as 12 can\u00e7\u00f5es finalistas ser\u00e3o registradas em CD e DVD.<\/p>\n\n\n\n<figure class=\"wp-block-gallery columns-1 is-cropped wp-block-gallery-1 is-layout-flex wp-block-gallery-is-layout-flex\"><ul class=\"blocks-gallery-grid\"><li class=\"blocks-gallery-item\"><figure><img loading=\"lazy\" decoding=\"async\" width=\"900\" height=\"600\" src=\"http:\/\/blogdorogeriogomes.com.br\/wp-content\/uploads\/2020\/01\/Jos\u00e9-Sarto-Camilo-Santana-e-Carlos-Roberto_.jpg\" alt=\"\" data-id=\"15458\" data-full-url=\"http:\/\/blogdorogeriogomes.com.br\/wp-content\/uploads\/2020\/01\/Jos\u00e9-Sarto-Camilo-Santana-e-Carlos-Roberto_.jpg\" data-link=\"http:\/\/blogdorogeriogomes.com.br\/?attachment_id=15458\" class=\"wp-image-15458\" srcset=\"https:\/\/blogdorogeriogomes.com.br\/noticias\/wp-content\/uploads\/2020\/01\/Jos\u00e9-Sarto-Camilo-Santana-e-Carlos-Roberto_.jpg 900w, https:\/\/blogdorogeriogomes.com.br\/noticias\/wp-content\/uploads\/2020\/01\/Jos\u00e9-Sarto-Camilo-Santana-e-Carlos-Roberto_-300x200.jpg 300w, https:\/\/blogdorogeriogomes.com.br\/noticias\/wp-content\/uploads\/2020\/01\/Jos\u00e9-Sarto-Camilo-Santana-e-Carlos-Roberto_-768x512.jpg 768w, https:\/\/blogdorogeriogomes.com.br\/noticias\/wp-content\/uploads\/2020\/01\/Jos\u00e9-Sarto-Camilo-Santana-e-Carlos-Roberto_-800x533.jpg 800w\" sizes=\"auto, (max-width: 900px) 100vw, 900px\" \/><\/figure><\/li><\/ul><\/figure>\n","protected":false},"excerpt":{"rendered":"<p>O governador Camilo Santana, que j\u00e1 retornou das f\u00e9rias, \u00e9 esperado na pr\u00f3xima segunda-feira, dia 3 de fevereiro, para a abertura dos trabalhos legislativos do primeiro semestre, na Assembleia Legislativa do Cear\u00e1.Os deputados estaduais v\u00e3o encontrar o plen\u00e1rio da AL reformado e com melhorias, como \u00e9 o caso do novo painel digital para vota\u00e7\u00f5es. Nesta quarta-feira, dia 29 de janeiro, o presidente da AL, Jos\u00e9 Sarto, anunciou a realiza\u00e7\u00e3o do 2\u00b0 Festival de M\u00fasica da Assembleia Legislativa. Uma equipe&hellip;<\/p>\n","protected":false},"author":1,"featured_media":15458,"comment_status":"open","ping_status":"open","sticky":false,"template":"","format":"standard","meta":{"footnotes":""},"categories":[1],"tags":[],"class_list":["post-15457","post","type-post","status-publish","format-standard","has-post-thumbnail","hentry","category-noticias"],"_links":{"self":[{"href":"https:\/\/blogdorogeriogomes.com.br\/noticias\/wp-json\/wp\/v2\/posts\/15457","targetHints":{"allow":["GET"]}}],"collection":[{"href":"https:\/\/blogdorogeriogomes.com.br\/noticias\/wp-json\/wp\/v2\/posts"}],"about":[{"href":"https:\/\/blogdorogeriogomes.com.br\/noticias\/wp-json\/wp\/v2\/types\/post"}],"author":[{"embeddable":true,"href":"https:\/\/blogdorogeriogomes.com.br\/noticias\/wp-json\/wp\/v2\/users\/1"}],"replies":[{"embeddable":true,"href":"https:\/\/blogdorogeriogomes.com.br\/noticias\/wp-json\/wp\/v2\/comments?post=15457"}],"version-history":[{"count":1,"href":"https:\/\/blogdorogeriogomes.com.br\/noticias\/wp-json\/wp\/v2\/posts\/15457\/revisions"}],"predecessor-version":[{"id":15459,"href":"https:\/\/blogdorogeriogomes.com.br\/noticias\/wp-json\/wp\/v2\/posts\/15457\/revisions\/15459"}],"wp:featuredmedia":[{"embeddable":true,"href":"https:\/\/blogdorogeriogomes.com.br\/noticias\/wp-json\/wp\/v2\/media\/15458"}],"wp:attachment":[{"href":"https:\/\/blogdorogeriogomes.com.br\/noticias\/wp-json\/wp\/v2\/media?parent=15457"}],"wp:term":[{"taxonomy":"category","embeddable":true,"href":"https:\/\/blogdorogeriogomes.com.br\/noticias\/wp-json\/wp\/v2\/categories?post=15457"},{"taxonomy":"post_tag","embeddable":true,"href":"https:\/\/blogdorogeriogomes.com.br\/noticias\/wp-json\/wp\/v2\/tags?post=15457"}],"curies":[{"name":"wp","href":"https:\/\/api.w.org\/{rel}","templated":true}]}}