{"id":15463,"date":"2020-01-30T08:29:28","date_gmt":"2020-01-30T08:29:28","guid":{"rendered":"http:\/\/blogdorogeriogomes.com.br\/?p=15463"},"modified":"2020-01-30T21:32:59","modified_gmt":"2020-01-30T21:32:59","slug":"servidores-da-saude-no-ceara-serao-contemplados-com-plano-de-ascensao-funcional","status":"publish","type":"post","link":"https:\/\/blogdorogeriogomes.com.br\/noticias\/2020\/01\/servidores-da-saude-no-ceara-serao-contemplados-com-plano-de-ascensao-funcional\/","title":{"rendered":"Servidores da sa\u00fade no Cear\u00e1 ser\u00e3o contemplados com plano de ascens\u00e3o funcional"},"content":{"rendered":"\n<p>Os servidores da sa\u00fade ligados ao Governo do Cear\u00e1 ter\u00e3o acesso a um plano de ascens\u00e3o funcional. O titular da Secretaria da Sa\u00fade (Sesa), Carlos Roberto Martins Rodrigues Sobrinho, o Dr. Cabeto, foi autorizado pelo governador Camilo Santana a colocar o plano em execu\u00e7\u00e3o. <br>\nO plano contempla todos os servidores, desde m\u00e9dicos a t\u00e9cnicos e auxiliares, mas ainda precisa passar por an\u00e1lise dos deputados estaduais na Assembleia Legislativa. O investimento no plano de ascens\u00e3o funcional dos servidores da sa\u00fade deve gerar impacto de R$ 32,4 milh\u00f5es ao Or\u00e7amento do Estado deste ano.<\/p>\n\n\n\n<figure class=\"wp-block-gallery columns-1 is-cropped wp-block-gallery-1 is-layout-flex wp-block-gallery-is-layout-flex\"><ul class=\"blocks-gallery-grid\"><li class=\"blocks-gallery-item\"><figure><img loading=\"lazy\" decoding=\"async\" width=\"706\" height=\"434\" src=\"http:\/\/blogdorogeriogomes.com.br\/wp-content\/uploads\/2020\/01\/images-2020-01-30T051654.148.jpeg\" alt=\"\" data-id=\"15464\" data-full-url=\"http:\/\/blogdorogeriogomes.com.br\/wp-content\/uploads\/2020\/01\/images-2020-01-30T051654.148.jpeg\" data-link=\"http:\/\/blogdorogeriogomes.com.br\/?attachment_id=15464\" class=\"wp-image-15464\" srcset=\"https:\/\/blogdorogeriogomes.com.br\/noticias\/wp-content\/uploads\/2020\/01\/images-2020-01-30T051654.148.jpeg 706w, https:\/\/blogdorogeriogomes.com.br\/noticias\/wp-content\/uploads\/2020\/01\/images-2020-01-30T051654.148-300x184.jpeg 300w\" sizes=\"auto, (max-width: 706px) 100vw, 706px\" \/><\/figure><\/li><\/ul><\/figure>\n","protected":false},"excerpt":{"rendered":"<p>Os servidores da sa\u00fade ligados ao Governo do Cear\u00e1 ter\u00e3o acesso a um plano de ascens\u00e3o funcional. O titular da Secretaria da Sa\u00fade (Sesa), Carlos Roberto Martins Rodrigues Sobrinho, o Dr. Cabeto, foi autorizado pelo governador Camilo Santana a colocar o plano em execu\u00e7\u00e3o. O plano contempla todos os servidores, desde m\u00e9dicos a t\u00e9cnicos e auxiliares, mas ainda precisa passar por an\u00e1lise dos deputados estaduais na Assembleia Legislativa. O investimento no plano de ascens\u00e3o funcional dos servidores da sa\u00fade&hellip;<\/p>\n","protected":false},"author":1,"featured_media":15464,"comment_status":"open","ping_status":"open","sticky":false,"template":"","format":"standard","meta":{"footnotes":""},"categories":[1],"tags":[],"class_list":["post-15463","post","type-post","status-publish","format-standard","has-post-thumbnail","hentry","category-noticias"],"_links":{"self":[{"href":"https:\/\/blogdorogeriogomes.com.br\/noticias\/wp-json\/wp\/v2\/posts\/15463","targetHints":{"allow":["GET"]}}],"collection":[{"href":"https:\/\/blogdorogeriogomes.com.br\/noticias\/wp-json\/wp\/v2\/posts"}],"about":[{"href":"https:\/\/blogdorogeriogomes.com.br\/noticias\/wp-json\/wp\/v2\/types\/post"}],"author":[{"embeddable":true,"href":"https:\/\/blogdorogeriogomes.com.br\/noticias\/wp-json\/wp\/v2\/users\/1"}],"replies":[{"embeddable":true,"href":"https:\/\/blogdorogeriogomes.com.br\/noticias\/wp-json\/wp\/v2\/comments?post=15463"}],"version-history":[{"count":1,"href":"https:\/\/blogdorogeriogomes.com.br\/noticias\/wp-json\/wp\/v2\/posts\/15463\/revisions"}],"predecessor-version":[{"id":15465,"href":"https:\/\/blogdorogeriogomes.com.br\/noticias\/wp-json\/wp\/v2\/posts\/15463\/revisions\/15465"}],"wp:featuredmedia":[{"embeddable":true,"href":"https:\/\/blogdorogeriogomes.com.br\/noticias\/wp-json\/wp\/v2\/media\/15464"}],"wp:attachment":[{"href":"https:\/\/blogdorogeriogomes.com.br\/noticias\/wp-json\/wp\/v2\/media?parent=15463"}],"wp:term":[{"taxonomy":"category","embeddable":true,"href":"https:\/\/blogdorogeriogomes.com.br\/noticias\/wp-json\/wp\/v2\/categories?post=15463"},{"taxonomy":"post_tag","embeddable":true,"href":"https:\/\/blogdorogeriogomes.com.br\/noticias\/wp-json\/wp\/v2\/tags?post=15463"}],"curies":[{"name":"wp","href":"https:\/\/api.w.org\/{rel}","templated":true}]}}