{"id":15466,"date":"2020-01-30T08:44:09","date_gmt":"2020-01-30T08:44:09","guid":{"rendered":"http:\/\/blogdorogeriogomes.com.br\/?p=15466"},"modified":"2020-01-30T21:32:44","modified_gmt":"2020-01-30T21:32:44","slug":"rodrigo-maia-critica-ministros-da-educacao-e-do-meio-ambiente-por-desgaste-no-exterior","status":"publish","type":"post","link":"https:\/\/blogdorogeriogomes.com.br\/noticias\/2020\/01\/rodrigo-maia-critica-ministros-da-educacao-e-do-meio-ambiente-por-desgaste-no-exterior\/","title":{"rendered":"Rodrigo Maia cr\u00edtica ministros da Educa\u00e7\u00e3o e do Meio Ambiente por desgaste no Exterior"},"content":{"rendered":"\n<p>O presidente da C\u00e2mara, Rodrigo Maia, n\u00e3o poupa cr\u00edticas a ministros do Governo Bolsonaro que v\u00eam causando desgaste internacional para o Pa\u00eds com pol\u00edticas ideol\u00f3gicas \u00e0 frente de suas respectivas pastas.<br>\nEm reportagem do jornal Valor, Maia detonou primeiro o ministro da Educa\u00e7\u00e3o, Abraham Weintraub, e afirmou que o Brasil \u201cn\u00e3o tem futuro\u201d com uma pessoa como ele no comando do Minist\u00e9rio.&nbsp;Disse que n\u00e3o tem condi\u00e7\u00f5es de atrair investimentos para o Brasil com um \u201cministro da Educa\u00e7\u00e3o desses\u201d.<br>\nSobre o ministro do Meio Ambiente, Ricardo Salles, Rodrigo Maia considera que o titular da Pasta \u201cperdeu condi\u00e7\u00f5es de ser interlocutor\u201d com investidores. \u201cN\u00e3o sei o que o governo vai fazer com o ministro do Meio Ambiente\u201d, declarou. \u201cPerdeu condi\u00e7\u00f5es de ser interlocutor. Radicalizou demais\u201d, refor\u00e7ou.&#8221;<\/p>\n\n\n\n<figure class=\"wp-block-gallery columns-1 is-cropped wp-block-gallery-1 is-layout-flex wp-block-gallery-is-layout-flex\"><ul class=\"blocks-gallery-grid\"><li class=\"blocks-gallery-item\"><figure><img loading=\"lazy\" decoding=\"async\" width=\"600\" height=\"401\" src=\"http:\/\/blogdorogeriogomes.com.br\/wp-content\/uploads\/2020\/01\/images-2020-01-30T053434.060.jpeg\" alt=\"\" data-id=\"15467\" data-full-url=\"http:\/\/blogdorogeriogomes.com.br\/wp-content\/uploads\/2020\/01\/images-2020-01-30T053434.060.jpeg\" data-link=\"http:\/\/blogdorogeriogomes.com.br\/?attachment_id=15467\" class=\"wp-image-15467\" srcset=\"https:\/\/blogdorogeriogomes.com.br\/noticias\/wp-content\/uploads\/2020\/01\/images-2020-01-30T053434.060.jpeg 600w, https:\/\/blogdorogeriogomes.com.br\/noticias\/wp-content\/uploads\/2020\/01\/images-2020-01-30T053434.060-300x201.jpeg 300w\" sizes=\"auto, (max-width: 600px) 100vw, 600px\" \/><\/figure><\/li><\/ul><\/figure>\n","protected":false},"excerpt":{"rendered":"<p>O presidente da C\u00e2mara, Rodrigo Maia, n\u00e3o poupa cr\u00edticas a ministros do Governo Bolsonaro que v\u00eam causando desgaste internacional para o Pa\u00eds com pol\u00edticas ideol\u00f3gicas \u00e0 frente de suas respectivas pastas. Em reportagem do jornal Valor, Maia detonou primeiro o ministro da Educa\u00e7\u00e3o, Abraham Weintraub, e afirmou que o Brasil \u201cn\u00e3o tem futuro\u201d com uma pessoa como ele no comando do Minist\u00e9rio.&nbsp;Disse que n\u00e3o tem condi\u00e7\u00f5es de atrair investimentos para o Brasil com um \u201cministro da Educa\u00e7\u00e3o desses\u201d. Sobre&hellip;<\/p>\n","protected":false},"author":1,"featured_media":15467,"comment_status":"open","ping_status":"open","sticky":false,"template":"","format":"standard","meta":{"footnotes":""},"categories":[1],"tags":[],"class_list":["post-15466","post","type-post","status-publish","format-standard","has-post-thumbnail","hentry","category-noticias"],"_links":{"self":[{"href":"https:\/\/blogdorogeriogomes.com.br\/noticias\/wp-json\/wp\/v2\/posts\/15466","targetHints":{"allow":["GET"]}}],"collection":[{"href":"https:\/\/blogdorogeriogomes.com.br\/noticias\/wp-json\/wp\/v2\/posts"}],"about":[{"href":"https:\/\/blogdorogeriogomes.com.br\/noticias\/wp-json\/wp\/v2\/types\/post"}],"author":[{"embeddable":true,"href":"https:\/\/blogdorogeriogomes.com.br\/noticias\/wp-json\/wp\/v2\/users\/1"}],"replies":[{"embeddable":true,"href":"https:\/\/blogdorogeriogomes.com.br\/noticias\/wp-json\/wp\/v2\/comments?post=15466"}],"version-history":[{"count":1,"href":"https:\/\/blogdorogeriogomes.com.br\/noticias\/wp-json\/wp\/v2\/posts\/15466\/revisions"}],"predecessor-version":[{"id":15468,"href":"https:\/\/blogdorogeriogomes.com.br\/noticias\/wp-json\/wp\/v2\/posts\/15466\/revisions\/15468"}],"wp:featuredmedia":[{"embeddable":true,"href":"https:\/\/blogdorogeriogomes.com.br\/noticias\/wp-json\/wp\/v2\/media\/15467"}],"wp:attachment":[{"href":"https:\/\/blogdorogeriogomes.com.br\/noticias\/wp-json\/wp\/v2\/media?parent=15466"}],"wp:term":[{"taxonomy":"category","embeddable":true,"href":"https:\/\/blogdorogeriogomes.com.br\/noticias\/wp-json\/wp\/v2\/categories?post=15466"},{"taxonomy":"post_tag","embeddable":true,"href":"https:\/\/blogdorogeriogomes.com.br\/noticias\/wp-json\/wp\/v2\/tags?post=15466"}],"curies":[{"name":"wp","href":"https:\/\/api.w.org\/{rel}","templated":true}]}}