{"id":15469,"date":"2020-01-30T14:51:03","date_gmt":"2020-01-30T14:51:03","guid":{"rendered":"http:\/\/blogdorogeriogomes.com.br\/?p=15469"},"modified":"2020-01-30T21:32:32","modified_gmt":"2020-01-30T21:32:32","slug":"policia-civil-indicia-dois-engenheiros-e-um-pedreiro-pelo-desabamento-do-edificio-andrea","status":"publish","type":"post","link":"https:\/\/blogdorogeriogomes.com.br\/noticias\/2020\/01\/policia-civil-indicia-dois-engenheiros-e-um-pedreiro-pelo-desabamento-do-edificio-andrea\/","title":{"rendered":"Pol\u00edcia Civil indicia dois engenheiros e um pedreiro pelo desabamento do Edif\u00edcio Andrea"},"content":{"rendered":"\n<p>Os engenheiros Jos\u00e9 Andreson Gonzaga dos Santos e Carlos Alberto Loss de Oliveira, al\u00e9m do pedreiro Amauri Pereira de Souza, foram indiciados no inqu\u00e9rito que apurou responsabilidades no desabamento do Edif\u00edcio Andrea, no bairro Dion\u00edsio Torres, em Fortaleza, no ano passado. Nove pessoas morreram no acidente ocorrido em 15 de outubro do ano passado.<br>\nOs tr\u00eas v\u00e3o responder pelo artigo 29 da Lei das Contraven\u00e7\u00f5es Penais, que consiste em provocar o desabamento de constru\u00e7\u00e3o ou por erro na execu\u00e7\u00e3o.<br>\nO laudo da Polic\u00eda Civil e da Per\u00edcia Forense do Estado do Cear\u00e1 (Pefoce)  foi divulgado nesta quinta-feira, dia 30 de janeiro. Os tr\u00eas indiciados devem responder em liberdade, pelo menos at\u00e9 que at\u00e9 que o Minist\u00e9rio P\u00fablico ou a Justi\u00e7a se manifestem.<\/p>\n\n\n\n<figure class=\"wp-block-gallery columns-1 is-cropped wp-block-gallery-1 is-layout-flex wp-block-gallery-is-layout-flex\"><ul class=\"blocks-gallery-grid\"><li class=\"blocks-gallery-item\"><figure><img loading=\"lazy\" decoding=\"async\" width=\"678\" height=\"452\" src=\"http:\/\/blogdorogeriogomes.com.br\/wp-content\/uploads\/2020\/01\/images-2020-01-30T114402.897.jpeg\" alt=\"\" data-id=\"15470\" data-full-url=\"http:\/\/blogdorogeriogomes.com.br\/wp-content\/uploads\/2020\/01\/images-2020-01-30T114402.897.jpeg\" data-link=\"http:\/\/blogdorogeriogomes.com.br\/?attachment_id=15470\" class=\"wp-image-15470\" srcset=\"https:\/\/blogdorogeriogomes.com.br\/noticias\/wp-content\/uploads\/2020\/01\/images-2020-01-30T114402.897.jpeg 678w, https:\/\/blogdorogeriogomes.com.br\/noticias\/wp-content\/uploads\/2020\/01\/images-2020-01-30T114402.897-300x200.jpeg 300w\" sizes=\"auto, (max-width: 678px) 100vw, 678px\" \/><\/figure><\/li><\/ul><\/figure>\n","protected":false},"excerpt":{"rendered":"<p>Os engenheiros Jos\u00e9 Andreson Gonzaga dos Santos e Carlos Alberto Loss de Oliveira, al\u00e9m do pedreiro Amauri Pereira de Souza, foram indiciados no inqu\u00e9rito que apurou responsabilidades no desabamento do Edif\u00edcio Andrea, no bairro Dion\u00edsio Torres, em Fortaleza, no ano passado. Nove pessoas morreram no acidente ocorrido em 15 de outubro do ano passado. Os tr\u00eas v\u00e3o responder pelo artigo 29 da Lei das Contraven\u00e7\u00f5es Penais, que consiste em provocar o desabamento de constru\u00e7\u00e3o ou por erro na execu\u00e7\u00e3o.&hellip;<\/p>\n","protected":false},"author":1,"featured_media":15470,"comment_status":"open","ping_status":"open","sticky":false,"template":"","format":"standard","meta":{"footnotes":""},"categories":[1],"tags":[],"class_list":["post-15469","post","type-post","status-publish","format-standard","has-post-thumbnail","hentry","category-noticias"],"_links":{"self":[{"href":"https:\/\/blogdorogeriogomes.com.br\/noticias\/wp-json\/wp\/v2\/posts\/15469","targetHints":{"allow":["GET"]}}],"collection":[{"href":"https:\/\/blogdorogeriogomes.com.br\/noticias\/wp-json\/wp\/v2\/posts"}],"about":[{"href":"https:\/\/blogdorogeriogomes.com.br\/noticias\/wp-json\/wp\/v2\/types\/post"}],"author":[{"embeddable":true,"href":"https:\/\/blogdorogeriogomes.com.br\/noticias\/wp-json\/wp\/v2\/users\/1"}],"replies":[{"embeddable":true,"href":"https:\/\/blogdorogeriogomes.com.br\/noticias\/wp-json\/wp\/v2\/comments?post=15469"}],"version-history":[{"count":1,"href":"https:\/\/blogdorogeriogomes.com.br\/noticias\/wp-json\/wp\/v2\/posts\/15469\/revisions"}],"predecessor-version":[{"id":15471,"href":"https:\/\/blogdorogeriogomes.com.br\/noticias\/wp-json\/wp\/v2\/posts\/15469\/revisions\/15471"}],"wp:featuredmedia":[{"embeddable":true,"href":"https:\/\/blogdorogeriogomes.com.br\/noticias\/wp-json\/wp\/v2\/media\/15470"}],"wp:attachment":[{"href":"https:\/\/blogdorogeriogomes.com.br\/noticias\/wp-json\/wp\/v2\/media?parent=15469"}],"wp:term":[{"taxonomy":"category","embeddable":true,"href":"https:\/\/blogdorogeriogomes.com.br\/noticias\/wp-json\/wp\/v2\/categories?post=15469"},{"taxonomy":"post_tag","embeddable":true,"href":"https:\/\/blogdorogeriogomes.com.br\/noticias\/wp-json\/wp\/v2\/tags?post=15469"}],"curies":[{"name":"wp","href":"https:\/\/api.w.org\/{rel}","templated":true}]}}