{"id":15472,"date":"2020-01-30T20:16:05","date_gmt":"2020-01-30T20:16:05","guid":{"rendered":"http:\/\/blogdorogeriogomes.com.br\/?p=15472"},"modified":"2020-02-03T12:46:16","modified_gmt":"2020-02-03T12:46:16","slug":"ceara-e-fortaleza-renovam-com-o-governo-do-estado-a-gestao-compartilhada-da-arena-castelao-para-2020","status":"publish","type":"post","link":"https:\/\/blogdorogeriogomes.com.br\/noticias\/2020\/01\/ceara-e-fortaleza-renovam-com-o-governo-do-estado-a-gestao-compartilhada-da-arena-castelao-para-2020\/","title":{"rendered":"Cear\u00e1 e Fortaleza renovam com o Governo do Estado a gest\u00e3o compartilhada da Arena Castel\u00e3o para 2020"},"content":{"rendered":"\n<p>Os presidentes do Cear\u00e1, Robinson de Castro, e do Fortaleza, Marcelo Paz, se reuniram com o governador Camilo Santana, nesta quinta-feira, dia 30 de janeiro, no Pal\u00e1cio da Aboli\u00e7\u00e3o, e acertaram a renova\u00e7\u00e3o da gest\u00e3o compartilhada da Arena Castel\u00e3o pelos dois clubes em dias de jogos das equipes. O modelo adotado durante o ano passado ser\u00e1 repetido por todo este 2020, ficando os clubes respons\u00e1veis por toda a opera\u00e7\u00e3o e administra\u00e7\u00e3o do equipamento em suas respectivas partidas. Al\u00e9m disso, a parceria no campo social tamb\u00e9m ser\u00e1 estendida para as areninhas do Estado.<br>\nCear\u00e1 e Fortaleza v\u00e3o ampliar sua participa\u00e7\u00e3o em projetos do Governo do Cear\u00e1 que estimulam fam\u00edlias carentes a buscarem op\u00e7\u00f5es dignas em suas vidas. A dupla j\u00e1 apoia iniciativas no sistema socioeducativo do Estado e agora vai contribuir com a\u00e7\u00f5es nas areninhas.<\/p>\n\n\n\n<figure class=\"wp-block-gallery columns-1 is-cropped wp-block-gallery-1 is-layout-flex wp-block-gallery-is-layout-flex\"><ul class=\"blocks-gallery-grid\"><li class=\"blocks-gallery-item\"><figure><img loading=\"lazy\" decoding=\"async\" width=\"1024\" height=\"684\" src=\"http:\/\/blogdorogeriogomes.com.br\/wp-content\/uploads\/2020\/01\/WhatsApp-Image-2020-01-30-at-12.54.11.jpeg\" alt=\"\" data-id=\"15473\" data-full-url=\"http:\/\/blogdorogeriogomes.com.br\/wp-content\/uploads\/2020\/01\/WhatsApp-Image-2020-01-30-at-12.54.11.jpeg\" data-link=\"http:\/\/blogdorogeriogomes.com.br\/?attachment_id=15473\" class=\"wp-image-15473\" srcset=\"https:\/\/blogdorogeriogomes.com.br\/noticias\/wp-content\/uploads\/2020\/01\/WhatsApp-Image-2020-01-30-at-12.54.11.jpeg 1024w, https:\/\/blogdorogeriogomes.com.br\/noticias\/wp-content\/uploads\/2020\/01\/WhatsApp-Image-2020-01-30-at-12.54.11-300x200.jpeg 300w, https:\/\/blogdorogeriogomes.com.br\/noticias\/wp-content\/uploads\/2020\/01\/WhatsApp-Image-2020-01-30-at-12.54.11-768x513.jpeg 768w, https:\/\/blogdorogeriogomes.com.br\/noticias\/wp-content\/uploads\/2020\/01\/WhatsApp-Image-2020-01-30-at-12.54.11-800x534.jpeg 800w\" sizes=\"auto, (max-width: 1024px) 100vw, 1024px\" \/><\/figure><\/li><\/ul><\/figure>\n","protected":false},"excerpt":{"rendered":"<p>Os presidentes do Cear\u00e1, Robinson de Castro, e do Fortaleza, Marcelo Paz, se reuniram com o governador Camilo Santana, nesta quinta-feira, dia 30 de janeiro, no Pal\u00e1cio da Aboli\u00e7\u00e3o, e acertaram a renova\u00e7\u00e3o da gest\u00e3o compartilhada da Arena Castel\u00e3o pelos dois clubes em dias de jogos das equipes. O modelo adotado durante o ano passado ser\u00e1 repetido por todo este 2020, ficando os clubes respons\u00e1veis por toda a opera\u00e7\u00e3o e administra\u00e7\u00e3o do equipamento em suas respectivas partidas. Al\u00e9m disso,&hellip;<\/p>\n","protected":false},"author":1,"featured_media":15473,"comment_status":"open","ping_status":"open","sticky":false,"template":"","format":"standard","meta":{"footnotes":""},"categories":[1],"tags":[],"class_list":["post-15472","post","type-post","status-publish","format-standard","has-post-thumbnail","hentry","category-noticias"],"_links":{"self":[{"href":"https:\/\/blogdorogeriogomes.com.br\/noticias\/wp-json\/wp\/v2\/posts\/15472","targetHints":{"allow":["GET"]}}],"collection":[{"href":"https:\/\/blogdorogeriogomes.com.br\/noticias\/wp-json\/wp\/v2\/posts"}],"about":[{"href":"https:\/\/blogdorogeriogomes.com.br\/noticias\/wp-json\/wp\/v2\/types\/post"}],"author":[{"embeddable":true,"href":"https:\/\/blogdorogeriogomes.com.br\/noticias\/wp-json\/wp\/v2\/users\/1"}],"replies":[{"embeddable":true,"href":"https:\/\/blogdorogeriogomes.com.br\/noticias\/wp-json\/wp\/v2\/comments?post=15472"}],"version-history":[{"count":1,"href":"https:\/\/blogdorogeriogomes.com.br\/noticias\/wp-json\/wp\/v2\/posts\/15472\/revisions"}],"predecessor-version":[{"id":15474,"href":"https:\/\/blogdorogeriogomes.com.br\/noticias\/wp-json\/wp\/v2\/posts\/15472\/revisions\/15474"}],"wp:featuredmedia":[{"embeddable":true,"href":"https:\/\/blogdorogeriogomes.com.br\/noticias\/wp-json\/wp\/v2\/media\/15473"}],"wp:attachment":[{"href":"https:\/\/blogdorogeriogomes.com.br\/noticias\/wp-json\/wp\/v2\/media?parent=15472"}],"wp:term":[{"taxonomy":"category","embeddable":true,"href":"https:\/\/blogdorogeriogomes.com.br\/noticias\/wp-json\/wp\/v2\/categories?post=15472"},{"taxonomy":"post_tag","embeddable":true,"href":"https:\/\/blogdorogeriogomes.com.br\/noticias\/wp-json\/wp\/v2\/tags?post=15472"}],"curies":[{"name":"wp","href":"https:\/\/api.w.org\/{rel}","templated":true}]}}