{"id":15478,"date":"2020-01-31T09:02:28","date_gmt":"2020-01-31T09:02:28","guid":{"rendered":"http:\/\/blogdorogeriogomes.com.br\/?p=15478"},"modified":"2020-02-03T12:46:19","modified_gmt":"2020-02-03T12:46:19","slug":"vereadores-de-fortaleza-voltam-as-atividades-na-proxima-semana-e-ja-discutem-transferencia-para-nova-sede","status":"publish","type":"post","link":"https:\/\/blogdorogeriogomes.com.br\/noticias\/2020\/01\/vereadores-de-fortaleza-voltam-as-atividades-na-proxima-semana-e-ja-discutem-transferencia-para-nova-sede\/","title":{"rendered":"Vereadores de Fortaleza voltam \u00e0s atividades na pr\u00f3xima semana e j\u00e1 discutem transfer\u00eancia para nova sede"},"content":{"rendered":"\n<p>Os vereadores de Fortaleza retornam \u00e0s atividades legislativas na pr\u00f3xima semana. E um dos temas previstos para entrar na pauta, segundo o presidente Ant\u00f4nio Henrique, \u00e9 a transfer\u00eancia da sede da C\u00e2mara Municipal para o Centro da Capital. O pr\u00e9dio do antigo Lord Hotel vai passar por reformas para receber a nova sede do Legislativo Municipal.<br>\nO projeto de nova sede foi aprovado em dezembro do ano passado pelo Conselho Municipal de Prote\u00e7\u00e3o ao Patrim\u00f4nio Hist\u00f3rico e Cultural (Comphic). A meta no primeiro semestre \u00e9 aprovar um or\u00e7amento e abrir o processo de licita\u00e7\u00e3o para as obras do Lord Hotel.<br>\nA previs\u00e3o \u00e9 que a transfer\u00eancia para a nova sede ocorra at\u00e9 2022. No novo pr\u00e9dio, al\u00e9m da C\u00e2mara, o planejamento \u00e9 tamb\u00e9m instalar um \u00f3rg\u00e3o do Procon, um posto de atendimento da Autarquia Municipal de Tr\u00e2nsito e Cidadania (AMC) e outro da Ag\u00eancia de Fiscaliza\u00e7\u00e3o de Fortaleza (Agefis).<\/p>\n\n\n\n<figure class=\"wp-block-gallery columns-1 is-cropped wp-block-gallery-1 is-layout-flex wp-block-gallery-is-layout-flex\"><ul class=\"blocks-gallery-grid\"><li class=\"blocks-gallery-item\"><figure><img loading=\"lazy\" decoding=\"async\" width=\"485\" height=\"365\" src=\"http:\/\/blogdorogeriogomes.com.br\/wp-content\/uploads\/2020\/01\/images-2020-01-31T054639.431.jpeg\" alt=\"\" data-id=\"15479\" data-full-url=\"http:\/\/blogdorogeriogomes.com.br\/wp-content\/uploads\/2020\/01\/images-2020-01-31T054639.431.jpeg\" data-link=\"http:\/\/blogdorogeriogomes.com.br\/?attachment_id=15479\" class=\"wp-image-15479\" srcset=\"https:\/\/blogdorogeriogomes.com.br\/noticias\/wp-content\/uploads\/2020\/01\/images-2020-01-31T054639.431.jpeg 485w, https:\/\/blogdorogeriogomes.com.br\/noticias\/wp-content\/uploads\/2020\/01\/images-2020-01-31T054639.431-300x226.jpeg 300w, https:\/\/blogdorogeriogomes.com.br\/noticias\/wp-content\/uploads\/2020\/01\/images-2020-01-31T054639.431-400x300.jpeg 400w\" sizes=\"auto, (max-width: 485px) 100vw, 485px\" \/><\/figure><\/li><\/ul><\/figure>\n","protected":false},"excerpt":{"rendered":"<p>Os vereadores de Fortaleza retornam \u00e0s atividades legislativas na pr\u00f3xima semana. E um dos temas previstos para entrar na pauta, segundo o presidente Ant\u00f4nio Henrique, \u00e9 a transfer\u00eancia da sede da C\u00e2mara Municipal para o Centro da Capital. O pr\u00e9dio do antigo Lord Hotel vai passar por reformas para receber a nova sede do Legislativo Municipal. O projeto de nova sede foi aprovado em dezembro do ano passado pelo Conselho Municipal de Prote\u00e7\u00e3o ao Patrim\u00f4nio Hist\u00f3rico e Cultural (Comphic).&hellip;<\/p>\n","protected":false},"author":1,"featured_media":15479,"comment_status":"open","ping_status":"open","sticky":false,"template":"","format":"standard","meta":{"footnotes":""},"categories":[1],"tags":[],"class_list":["post-15478","post","type-post","status-publish","format-standard","has-post-thumbnail","hentry","category-noticias"],"_links":{"self":[{"href":"https:\/\/blogdorogeriogomes.com.br\/noticias\/wp-json\/wp\/v2\/posts\/15478","targetHints":{"allow":["GET"]}}],"collection":[{"href":"https:\/\/blogdorogeriogomes.com.br\/noticias\/wp-json\/wp\/v2\/posts"}],"about":[{"href":"https:\/\/blogdorogeriogomes.com.br\/noticias\/wp-json\/wp\/v2\/types\/post"}],"author":[{"embeddable":true,"href":"https:\/\/blogdorogeriogomes.com.br\/noticias\/wp-json\/wp\/v2\/users\/1"}],"replies":[{"embeddable":true,"href":"https:\/\/blogdorogeriogomes.com.br\/noticias\/wp-json\/wp\/v2\/comments?post=15478"}],"version-history":[{"count":1,"href":"https:\/\/blogdorogeriogomes.com.br\/noticias\/wp-json\/wp\/v2\/posts\/15478\/revisions"}],"predecessor-version":[{"id":15480,"href":"https:\/\/blogdorogeriogomes.com.br\/noticias\/wp-json\/wp\/v2\/posts\/15478\/revisions\/15480"}],"wp:featuredmedia":[{"embeddable":true,"href":"https:\/\/blogdorogeriogomes.com.br\/noticias\/wp-json\/wp\/v2\/media\/15479"}],"wp:attachment":[{"href":"https:\/\/blogdorogeriogomes.com.br\/noticias\/wp-json\/wp\/v2\/media?parent=15478"}],"wp:term":[{"taxonomy":"category","embeddable":true,"href":"https:\/\/blogdorogeriogomes.com.br\/noticias\/wp-json\/wp\/v2\/categories?post=15478"},{"taxonomy":"post_tag","embeddable":true,"href":"https:\/\/blogdorogeriogomes.com.br\/noticias\/wp-json\/wp\/v2\/tags?post=15478"}],"curies":[{"name":"wp","href":"https:\/\/api.w.org\/{rel}","templated":true}]}}